{"id":22481,"date":"2025-10-27T11:34:23","date_gmt":"2025-10-27T14:34:23","guid":{"rendered":"https:\/\/dgospel.com.br\/portal\/?p=22481"},"modified":"2025-10-27T11:34:25","modified_gmt":"2025-10-27T14:34:25","slug":"entenda-o-que-e-a-bancada-crista-e-quais-beneficios-ela-tera","status":"publish","type":"post","link":"https:\/\/dgospel.com.br\/portal\/index.php\/2025\/10\/27\/entenda-o-que-e-a-bancada-crista-e-quais-beneficios-ela-tera\/","title":{"rendered":"Entenda o que \u00e9 a Bancada Crist\u00e3 e quais benef\u00edcios ela ter\u00e1"},"content":{"rendered":"\n<p>A C\u00e2mara dos Deputados aprovou, nesta quarta-feira (22), o&nbsp;<a href=\"https:\/\/pleno.news\/brasil\/politica-nacional\/camara-aprova-urgencia-para-criacao-da-bancada-crista.html\" target=\"_blank\" rel=\"noreferrer noopener\">regime de urg\u00eancia<\/a>&nbsp;para o Projeto de Resolu\u00e7\u00e3o 71\/25, que cria a Bancada Crist\u00e3. A proposta foi apresentada pelos deputados Gilberto Nascimento (PSD-SP) e Luiz Gast\u00e3o (PSD-CE), presidentes das frentes parlamentares evang\u00e9lica e cat\u00f3lica.<\/p>\n\n\n\n<p>Se aprovada, a nova bancada ser\u00e1 composta por parlamentares que professam a f\u00e9 crist\u00e3, mediante autodeclara\u00e7\u00e3o feita no in\u00edcio da legislatura. Ela ter\u00e1 uma coordena\u00e7\u00e3o-geral e tr\u00eas vice-coordenadorias, respons\u00e1veis por representar o grupo dentro da C\u00e2mara.<\/p>\n\n\n\n<p>Entre os principais benef\u00edcios previstos, a Bancada Crist\u00e3 passar\u00e1 a ter voz e voto nas reuni\u00f5es de l\u00edderes partid\u00e1rios, espa\u00e7o onde s\u00e3o definidas as pautas semanais de vota\u00e7\u00e3o. Al\u00e9m disso, poder\u00e1 usar a palavra por cinco minutos semanais durante o per\u00edodo de comunica\u00e7\u00f5es de lideran\u00e7a, para expressar a posi\u00e7\u00e3o dos parlamentares crist\u00e3os sobre temas de interesse.<\/p>\n\n\n\n<p>De acordo com o texto, a cria\u00e7\u00e3o da bancada n\u00e3o gerar\u00e1 custos adicionais \u00e0 C\u00e2mara. Os autores afirmam que o objetivo \u00e9 \u201crefor\u00e7ar o direito dos parlamentares de organizarem-se para promover o debate p\u00fablico \u00e0 luz de seus valores e convic\u00e7\u00f5es\u201d, garantindo maior articula\u00e7\u00e3o de pautas ligadas \u00e0 fam\u00edlia, \u00e0 vida e \u00e0 liberdade religiosa.<\/p>\n\n\n\n<p>Na justificativa, os proponentes ressaltam que o Brasil tem mais de 80% da popula\u00e7\u00e3o crist\u00e3, segundo o IBGE, e que a bancada pretende refletir essa representatividade dentro do Parlamento. Para eles, a medida \u201cvaloriza a f\u00e9 e fortalece a democracia\u201d, ao ampliar os instrumentos de participa\u00e7\u00e3o pol\u00edtica.<\/p>\n\n\n\n<p><strong>CR\u00cdTICAS DA ESQUERDA<\/strong><br>A proposta, no entanto, enfrenta resist\u00eancia na Casa. A l\u00edder do PSOL, Tal\u00edria Petrone (RJ), afirmou que o projeto fere o princ\u00edpio do Estado laico.<\/p>\n\n\n\n<p>\u2013 O espa\u00e7o pol\u00edtico n\u00e3o pode privilegiar com voz e voto no Col\u00e9gio de L\u00edderes uma f\u00e9 professada \u2013 disse.<\/p>\n\n\n\n<p>O deputado M\u00e1rio Heringer (PDT-MG), l\u00edder do PDT, tamb\u00e9m criticou a medida.<\/p>\n\n\n\n<p>\u2013 Quando n\u00f3s fazemos essa escolha, estamos discriminando as outras religi\u00f5es \u2013 afirmou.<\/p>\n\n\n\n<p>Dos 30 votos contr\u00e1rios ao requerimento de urg\u00eancia, a maioria \u00e9 de deputados do PSOL.<\/p>\n","protected":false},"excerpt":{"rendered":"<p>A C\u00e2mara dos Deputados aprovou, nesta quarta-feira (22), o&nbsp;regime de urg\u00eancia&nbsp;para o Projeto de Resolu\u00e7\u00e3o 71\/25, que cria a Bancada Crist\u00e3. A proposta foi apresentada pelos deputados Gilberto Nascimento (PSD-SP) e Luiz Gast\u00e3o (PSD-CE), presidentes das frentes parlamentares evang\u00e9lica e cat\u00f3lica. Se aprovada, a nova bancada ser\u00e1 composta por parlamentares que professam a f\u00e9 crist\u00e3, [&hellip;]<\/p>\n","protected":false},"author":2,"featured_media":22482,"comment_status":"open","ping_status":"open","sticky":false,"template":"","format":"standard","meta":[],"categories":[4],"tags":[13],"_links":{"self":[{"href":"https:\/\/dgospel.com.br\/portal\/index.php\/wp-json\/wp\/v2\/posts\/22481"}],"collection":[{"href":"https:\/\/dgospel.com.br\/portal\/index.php\/wp-json\/wp\/v2\/posts"}],"about":[{"href":"https:\/\/dgospel.com.br\/portal\/index.php\/wp-json\/wp\/v2\/types\/post"}],"author":[{"embeddable":true,"href":"https:\/\/dgospel.com.br\/portal\/index.php\/wp-json\/wp\/v2\/users\/2"}],"replies":[{"embeddable":true,"href":"https:\/\/dgospel.com.br\/portal\/index.php\/wp-json\/wp\/v2\/comments?post=22481"}],"version-history":[{"count":1,"href":"https:\/\/dgospel.com.br\/portal\/index.php\/wp-json\/wp\/v2\/posts\/22481\/revisions"}],"predecessor-version":[{"id":22483,"href":"https:\/\/dgospel.com.br\/portal\/index.php\/wp-json\/wp\/v2\/posts\/22481\/revisions\/22483"}],"wp:featuredmedia":[{"embeddable":true,"href":"https:\/\/dgospel.com.br\/portal\/index.php\/wp-json\/wp\/v2\/media\/22482"}],"wp:attachment":[{"href":"https:\/\/dgospel.com.br\/portal\/index.php\/wp-json\/wp\/v2\/media?parent=22481"}],"wp:term":[{"taxonomy":"category","embeddable":true,"href":"https:\/\/dgospel.com.br\/portal\/index.php\/wp-json\/wp\/v2\/categories?post=22481"},{"taxonomy":"post_tag","embeddable":true,"href":"https:\/\/dgospel.com.br\/portal\/index.php\/wp-json\/wp\/v2\/tags?post=22481"}],"curies":[{"name":"wp","href":"https:\/\/api.w.org\/{rel}","templated":true}]}}