{"id":22487,"date":"2025-10-29T08:51:54","date_gmt":"2025-10-29T11:51:54","guid":{"rendered":"https:\/\/dgospel.com.br\/portal\/?p=22487"},"modified":"2025-10-29T08:51:55","modified_gmt":"2025-10-29T11:51:55","slug":"prefeito-eduardo-siqueira-campos-anuncia-concessao-de-direitos-aos-servidores-publicos-no-dia-do-servidor","status":"publish","type":"post","link":"https:\/\/dgospel.com.br\/portal\/index.php\/2025\/10\/29\/prefeito-eduardo-siqueira-campos-anuncia-concessao-de-direitos-aos-servidores-publicos-no-dia-do-servidor\/","title":{"rendered":"Prefeito Eduardo Siqueira Campos anuncia concess\u00e3o de direitos aos servidores p\u00fablicos no Dia do Servidor"},"content":{"rendered":"\n<p>Em reconhecimento ao trabalho dos servidores municipais e em celebra\u00e7\u00e3o ao Dia do Servidor P\u00fablico, nesta ter\u00e7a-feira, 28, o prefeito de Palmas, Eduardo Siqueira Campos, anunciou a concess\u00e3o de uma s\u00e9rie de direitos do funcionalismo, reafirmando o compromisso da gest\u00e3o com o fortalecimento das carreiras do quadro municipal.<\/p>\n\n\n\n<p>O prefeito determinou o pagamento da progress\u00e3o vertical de todos os servidores que tiveram processos deferidos at\u00e9 outubro de 2025, bem como o pagamento da titularidade e da escolaridade dentro do mesmo prazo.<\/p>\n\n\n\n<p>Eduardo Siqueira Campos tamb\u00e9m oficializou a implementa\u00e7\u00e3o do Piso Nacional do Magist\u00e9rio, garantindo conformidade legal e valoriza\u00e7\u00e3o da carreira docente. Esses direitos ser\u00e3o inclu\u00eddos na folha de novembro, o que representa um acr\u00e9scimo anual de aproximadamente R$ 18 milh\u00f5es \u00e0 remunera\u00e7\u00e3o do funcionalismo municipal. Al\u00e9m disso, ser\u00e3o pagos valores destes direitos retroativos a janeiro de 2025, que totalizam R$ 6,5 milh\u00f5es, e que ser\u00e3o pagos em seis parcelas, tamb\u00e9m a partir de novembro de 2025.<\/p>\n\n\n\n<p>Outra medida anunciada pelo prefeito \u00e9 a convoca\u00e7\u00e3o de 104 profissionais do cadastro de reserva da \u00e1rea da Educa\u00e7\u00e3o. \u201cO servi\u00e7o p\u00fablico n\u00e3o se faz apenas com estruturas, projetos ou equipamentos. Ele se faz, sobretudo, com pessoas. Pessoas que acordam cedo, que enfrentam desafios, que acolhem a popula\u00e7\u00e3o, que constroem oportunidades e que fazem Palmas existir todos os dias. Por isso, este an\u00fancio n\u00e3o \u00e9 um favor nem um presente: \u00e9 um reconhecimento. \u00c9 um gesto de respeito. \u00c9 a afirma\u00e7\u00e3o de que cada servidor e cada servidora \u00e9 fundamental para o desenvolvimento da nossa cidade\u201d, declarou o prefeito.<\/p>\n\n\n\n<p>Eduardo Siqueira Campos tamb\u00e9m determinou a continuidade de di\u00e1logo com os sindicatos para tratar da data-base, dando sequ\u00eancia \u00e0 pol\u00edtica de negocia\u00e7\u00e3o permanente com o funcionalismo. Ele destacou que a implementa\u00e7\u00e3o desse pacote s\u00f3 foi poss\u00edvel gra\u00e7as \u00e0 reforma administrativa e ao rigor na reorganiza\u00e7\u00e3o das despesas p\u00fablicas. \u201cCada avan\u00e7o que Palmas conquista tem o trabalho de voc\u00eas. E \u00e9 por isso que reafirmo nosso compromisso permanente com a valoriza\u00e7\u00e3o do servidor e com o di\u00e1logo aberto e respons\u00e1vel. Esta cidade \u00e9 constru\u00edda por m\u00e3os p\u00fablicas. E \u00e9 nossa obriga\u00e7\u00e3o cuidar de quem cuida dela.\u201d<\/p>\n\n\n\n<p>Por fim, a gest\u00e3o informa que o pagamento referente ao m\u00eas de outubro ser\u00e1 creditado na conta dos servidores nesta sexta-feira, 31, data em que ser\u00e1 ponto facultativo em comemora\u00e7\u00e3o ao Dia do Servidor.<\/p>\n\n\n\n<p>O presidente do Sindicato dos Servidores P\u00fablicos Municipais de Palmas (Sisemp), Heguel Albuquerque, comentou o an\u00fancio. \u201cSa\u00edmos com o estabelecimento de um di\u00e1logo que \u00e9 importante para o processo. O prefeito implementou o pagamento das progress\u00f5es verticais, promo\u00e7\u00f5es na sa\u00fade, gratifica\u00e7\u00f5es por titularidade e escolaridade e o piso do magist\u00e9rio. Chegamos para ouvir o que foi apresentado e vamos levar \u00e0 nossa base para trazer a devolutiva, assim, em conjunto, vamos cumprir o anseio dos servidores.\u201d<\/p>\n","protected":false},"excerpt":{"rendered":"<p>Em reconhecimento ao trabalho dos servidores municipais e em celebra\u00e7\u00e3o ao Dia do Servidor P\u00fablico, nesta ter\u00e7a-feira, 28, o prefeito de Palmas, Eduardo Siqueira Campos, anunciou a concess\u00e3o de uma s\u00e9rie de direitos do funcionalismo, reafirmando o compromisso da gest\u00e3o com o fortalecimento das carreiras do quadro municipal. O prefeito determinou o pagamento da progress\u00e3o [&hellip;]<\/p>\n","protected":false},"author":2,"featured_media":22488,"comment_status":"open","ping_status":"open","sticky":false,"template":"","format":"standard","meta":[],"categories":[3],"tags":[13],"_links":{"self":[{"href":"https:\/\/dgospel.com.br\/portal\/index.php\/wp-json\/wp\/v2\/posts\/22487"}],"collection":[{"href":"https:\/\/dgospel.com.br\/portal\/index.php\/wp-json\/wp\/v2\/posts"}],"about":[{"href":"https:\/\/dgospel.com.br\/portal\/index.php\/wp-json\/wp\/v2\/types\/post"}],"author":[{"embeddable":true,"href":"https:\/\/dgospel.com.br\/portal\/index.php\/wp-json\/wp\/v2\/users\/2"}],"replies":[{"embeddable":true,"href":"https:\/\/dgospel.com.br\/portal\/index.php\/wp-json\/wp\/v2\/comments?post=22487"}],"version-history":[{"count":1,"href":"https:\/\/dgospel.com.br\/portal\/index.php\/wp-json\/wp\/v2\/posts\/22487\/revisions"}],"predecessor-version":[{"id":22489,"href":"https:\/\/dgospel.com.br\/portal\/index.php\/wp-json\/wp\/v2\/posts\/22487\/revisions\/22489"}],"wp:featuredmedia":[{"embeddable":true,"href":"https:\/\/dgospel.com.br\/portal\/index.php\/wp-json\/wp\/v2\/media\/22488"}],"wp:attachment":[{"href":"https:\/\/dgospel.com.br\/portal\/index.php\/wp-json\/wp\/v2\/media?parent=22487"}],"wp:term":[{"taxonomy":"category","embeddable":true,"href":"https:\/\/dgospel.com.br\/portal\/index.php\/wp-json\/wp\/v2\/categories?post=22487"},{"taxonomy":"post_tag","embeddable":true,"href":"https:\/\/dgospel.com.br\/portal\/index.php\/wp-json\/wp\/v2\/tags?post=22487"}],"curies":[{"name":"wp","href":"https:\/\/api.w.org\/{rel}","templated":true}]}}