{"id":22490,"date":"2025-10-29T09:18:56","date_gmt":"2025-10-29T12:18:56","guid":{"rendered":"https:\/\/dgospel.com.br\/portal\/?p=22490"},"modified":"2025-10-29T09:18:57","modified_gmt":"2025-10-29T12:18:57","slug":"vereador-juarez-rigol-consolida-nome-de-gipao-em-palmas-e-declara-apoio-para-2026","status":"publish","type":"post","link":"https:\/\/dgospel.com.br\/portal\/index.php\/2025\/10\/29\/vereador-juarez-rigol-consolida-nome-de-gipao-em-palmas-e-declara-apoio-para-2026\/","title":{"rendered":"Vereador Juarez Rigol consolida nome de Gip\u00e3o em Palmas e declara apoio para 2026"},"content":{"rendered":"\n<p>No in\u00edcio desta semana, o deputado estadual Gip\u00e3o (PL) recebeu mais uma manifesta\u00e7\u00e3o p\u00fablica de apoio \u2014 desta vez, do vereador Juarez Rigol, de Palmas. Durante encontro com lideran\u00e7as da capital, Rigol destacou a import\u00e2ncia da parceria com o deputado e elogiou sua atua\u00e7\u00e3o na Assembleia Legislativa do Tocantins.<\/p>\n\n\n\n<p>Segundo o anfitri\u00e3o, o trabalho desempenhado por Gip\u00e3o tem sido um divisor de \u00e1guas, garantindo avan\u00e7os para o Tocantins.<\/p>\n\n\n\n<p>\u201cO deputado Gip\u00e3o tem exercido um mandato comprometido com as causas do nosso povo e com o desenvolvimento do Tocantins. Sua postura, efici\u00eancia e capacidade de di\u00e1logo trazem resultados concretos para as cidades e para quem mais precisa. \u00c9 um trabalho indispens\u00e1vel para o nosso Estado, e me atrevo a dizer que temos um alinhamento firme e uma alian\u00e7a s\u00f3lida\u201d, afirmou Juarez.<\/p>\n\n\n\n<p>A manifesta\u00e7\u00e3o de apoio refor\u00e7a o reconhecimento ao trabalho de Gip\u00e3o, que vem atuando em diversas frentes, com foco em a\u00e7\u00f5es municipalistas, investimentos em infraestrutura, fortalecimento de programas sociais, sa\u00fade e seguran\u00e7a p\u00fablica.<\/p>\n\n\n\n<p>O deputado agradeceu as manifesta\u00e7\u00f5es e destacou que o di\u00e1logo com representantes municipais \u00e9 fundamental para fortalecer as a\u00e7\u00f5es na Assembleia:<\/p>\n\n\n\n<p>\u201cSeguimos firmes, lado a lado com as lideran\u00e7as que trabalham pelo bem comum, ouvindo a popula\u00e7\u00e3o e buscando solu\u00e7\u00f5es reais para o nosso Estado\u201d, disse Gip\u00e3o.<\/p>\n\n\n\n<p>O vereador Juarez Rigol est\u00e1 em seu primeiro mandato e tem se destacado por sua participa\u00e7\u00e3o em debates importantes e defesa de grupos vulner\u00e1veis na capital.<\/p>\n\n\n\n<p>Esta manifesta\u00e7\u00e3o se soma ao recente reconhecimento do prefeito Wagner Rodrigues e do vereador Gideon Soares, de Aragua\u00edna, que destacaram a parceria institucional e o impacto do trabalho de Gip\u00e3o no Estado. O vereador araguainense ressaltou que a atua\u00e7\u00e3o do deputado \u201cn\u00e3o passa despercebida\u201d e citou o crescimento de sua atua\u00e7\u00e3o pol\u00edtica e aproxima\u00e7\u00e3o com diferentes regi\u00f5es do Tocantins.<\/p>\n\n\n\n<p>A agenda do deputado segue com reuni\u00f5es e articula\u00e7\u00f5es voltadas a garantir mais a\u00e7\u00f5es e pol\u00edticas p\u00fablicas para o Tocantins, sempre em di\u00e1logo com gestores e representantes da sociedade civil.<\/p>\n","protected":false},"excerpt":{"rendered":"<p>No in\u00edcio desta semana, o deputado estadual Gip\u00e3o (PL) recebeu mais uma manifesta\u00e7\u00e3o p\u00fablica de apoio \u2014 desta vez, do vereador Juarez Rigol, de Palmas. Durante encontro com lideran\u00e7as da capital, Rigol destacou a import\u00e2ncia da parceria com o deputado e elogiou sua atua\u00e7\u00e3o na Assembleia Legislativa do Tocantins. Segundo o anfitri\u00e3o, o trabalho desempenhado [&hellip;]<\/p>\n","protected":false},"author":2,"featured_media":22491,"comment_status":"open","ping_status":"open","sticky":false,"template":"","format":"standard","meta":[],"categories":[4],"tags":[13],"_links":{"self":[{"href":"https:\/\/dgospel.com.br\/portal\/index.php\/wp-json\/wp\/v2\/posts\/22490"}],"collection":[{"href":"https:\/\/dgospel.com.br\/portal\/index.php\/wp-json\/wp\/v2\/posts"}],"about":[{"href":"https:\/\/dgospel.com.br\/portal\/index.php\/wp-json\/wp\/v2\/types\/post"}],"author":[{"embeddable":true,"href":"https:\/\/dgospel.com.br\/portal\/index.php\/wp-json\/wp\/v2\/users\/2"}],"replies":[{"embeddable":true,"href":"https:\/\/dgospel.com.br\/portal\/index.php\/wp-json\/wp\/v2\/comments?post=22490"}],"version-history":[{"count":1,"href":"https:\/\/dgospel.com.br\/portal\/index.php\/wp-json\/wp\/v2\/posts\/22490\/revisions"}],"predecessor-version":[{"id":22492,"href":"https:\/\/dgospel.com.br\/portal\/index.php\/wp-json\/wp\/v2\/posts\/22490\/revisions\/22492"}],"wp:featuredmedia":[{"embeddable":true,"href":"https:\/\/dgospel.com.br\/portal\/index.php\/wp-json\/wp\/v2\/media\/22491"}],"wp:attachment":[{"href":"https:\/\/dgospel.com.br\/portal\/index.php\/wp-json\/wp\/v2\/media?parent=22490"}],"wp:term":[{"taxonomy":"category","embeddable":true,"href":"https:\/\/dgospel.com.br\/portal\/index.php\/wp-json\/wp\/v2\/categories?post=22490"},{"taxonomy":"post_tag","embeddable":true,"href":"https:\/\/dgospel.com.br\/portal\/index.php\/wp-json\/wp\/v2\/tags?post=22490"}],"curies":[{"name":"wp","href":"https:\/\/api.w.org\/{rel}","templated":true}]}}