{"id":22493,"date":"2025-10-29T09:46:32","date_gmt":"2025-10-29T12:46:32","guid":{"rendered":"https:\/\/dgospel.com.br\/portal\/?p=22493"},"modified":"2025-10-29T09:46:33","modified_gmt":"2025-10-29T12:46:33","slug":"brasil-e-o-oitavo-pais-mais-afetado-pela-fome-na-america-do-sul","status":"publish","type":"post","link":"https:\/\/dgospel.com.br\/portal\/index.php\/2025\/10\/29\/brasil-e-o-oitavo-pais-mais-afetado-pela-fome-na-america-do-sul\/","title":{"rendered":"Brasil \u00e9 o oitavo pa\u00eds mais afetado pela fome na Am\u00e9rica do Sul"},"content":{"rendered":"\n<p>De acordo com o \u00cdndice Global da Fome 2025, divulgado por duas organiza\u00e7\u00f5es internacionais, o Brasil ocupa o 8\u00ba lugar entre os pa\u00edses da Am\u00e9rica do Sul mais afetados pela fome. O pa\u00eds recebeu 6,4 pontos, sendo classificado na faixa de \u201cfome baixa\u201d.<\/p>\n\n\n\n<p>O resultado indica melhora recente na seguran\u00e7a alimentar, mas revela que ainda h\u00e1 desafios para reduzir as desigualdades sociais que afetam o acesso \u00e0 comida.<\/p>\n\n\n\n<p>O levantamento considera quatro indicadores: desnutri\u00e7\u00e3o, atraso no crescimento infantil, baixo peso para a altura e mortalidade infantil. Esses dados permitem comparar o n\u00edvel de fome entre na\u00e7\u00f5es.<\/p>\n\n\n\n<p>A Bol\u00edvia est\u00e1 no topo do ranking regional, com 14,6 pontos, na categoria de \u201cfome moderada\u201d. O relat\u00f3rio aponta fatores como eventos clim\u00e1ticos, dificuldades econ\u00f4micas e desigualdade entre \u00e1reas urbanas e rurais como causas para o cen\u00e1rio mais grave no pa\u00eds vizinho.<\/p>\n\n\n\n<p><strong>O ranking do GHI na Am\u00e9rica do Sul ficou assim:<\/strong><\/p>\n\n\n\n<p>\u2022 Bol\u00edvia \u2013 14,6<br>\u2022 Trinidad e Tobago \u2013 11,0<br>\u2022 Equador \u2013 10,9<br>\u2022 Suriname \u2013 10,4<br>\u2022 Venezuela \u2013 9,6<br>\u2022 Guiana \u2013 8,3<br>\u2022 Peru \u2013 7,2<br>\u2022 Brasil \u2013 6,4<br>\u2022 Argentina \u2013 6,4<br>\u2022 Col\u00f4mbia \u2013 6,1<br>\u2022 Paraguai \u2013 5,2<br>\u2022 Chile \u2013 abaixo de 5<br>\u2022 Uruguai \u2013 abaixo de 5.<\/p>\n","protected":false},"excerpt":{"rendered":"<p>De acordo com o \u00cdndice Global da Fome 2025, divulgado por duas organiza\u00e7\u00f5es internacionais, o Brasil ocupa o 8\u00ba lugar entre os pa\u00edses da Am\u00e9rica do Sul mais afetados pela fome. O pa\u00eds recebeu 6,4 pontos, sendo classificado na faixa de \u201cfome baixa\u201d. O resultado indica melhora recente na seguran\u00e7a alimentar, mas revela que ainda [&hellip;]<\/p>\n","protected":false},"author":2,"featured_media":22494,"comment_status":"open","ping_status":"open","sticky":false,"template":"","format":"standard","meta":[],"categories":[12,10],"tags":[],"_links":{"self":[{"href":"https:\/\/dgospel.com.br\/portal\/index.php\/wp-json\/wp\/v2\/posts\/22493"}],"collection":[{"href":"https:\/\/dgospel.com.br\/portal\/index.php\/wp-json\/wp\/v2\/posts"}],"about":[{"href":"https:\/\/dgospel.com.br\/portal\/index.php\/wp-json\/wp\/v2\/types\/post"}],"author":[{"embeddable":true,"href":"https:\/\/dgospel.com.br\/portal\/index.php\/wp-json\/wp\/v2\/users\/2"}],"replies":[{"embeddable":true,"href":"https:\/\/dgospel.com.br\/portal\/index.php\/wp-json\/wp\/v2\/comments?post=22493"}],"version-history":[{"count":1,"href":"https:\/\/dgospel.com.br\/portal\/index.php\/wp-json\/wp\/v2\/posts\/22493\/revisions"}],"predecessor-version":[{"id":22495,"href":"https:\/\/dgospel.com.br\/portal\/index.php\/wp-json\/wp\/v2\/posts\/22493\/revisions\/22495"}],"wp:featuredmedia":[{"embeddable":true,"href":"https:\/\/dgospel.com.br\/portal\/index.php\/wp-json\/wp\/v2\/media\/22494"}],"wp:attachment":[{"href":"https:\/\/dgospel.com.br\/portal\/index.php\/wp-json\/wp\/v2\/media?parent=22493"}],"wp:term":[{"taxonomy":"category","embeddable":true,"href":"https:\/\/dgospel.com.br\/portal\/index.php\/wp-json\/wp\/v2\/categories?post=22493"},{"taxonomy":"post_tag","embeddable":true,"href":"https:\/\/dgospel.com.br\/portal\/index.php\/wp-json\/wp\/v2\/tags?post=22493"}],"curies":[{"name":"wp","href":"https:\/\/api.w.org\/{rel}","templated":true}]}}