{"id":22496,"date":"2025-10-29T11:10:45","date_gmt":"2025-10-29T14:10:45","guid":{"rendered":"https:\/\/dgospel.com.br\/portal\/?p=22496"},"modified":"2025-10-29T11:10:46","modified_gmt":"2025-10-29T14:10:46","slug":"quase-metade-do-eleitorado-acha-que-seguranca-piorou-com-lula","status":"publish","type":"post","link":"https:\/\/dgospel.com.br\/portal\/index.php\/2025\/10\/29\/quase-metade-do-eleitorado-acha-que-seguranca-piorou-com-lula\/","title":{"rendered":"Quase metade do eleitorado acha que seguran\u00e7a piorou com Lula"},"content":{"rendered":"\n<p>Um levantamento do instituto Paran\u00e1 Pesquisas, divulgado nesta quarta-feira (29), apontou que quase metade dos brasileiros considera que a seguran\u00e7a p\u00fablica no pa\u00eds piorou desde o in\u00edcio do terceiro mandato do presidente&nbsp;<a href=\"http:\/\/pleno.news\/tag\/lula\" target=\"_blank\" rel=\"noreferrer noopener\">Luiz In\u00e1cio Lula da Silva<\/a>&nbsp;(PT).<\/p>\n\n\n\n<p>De acordo com a pesquisa, 45,8% dos entrevistados afirmaram que a situa\u00e7\u00e3o da seguran\u00e7a p\u00fablica piorou sob o atual governo. Outros 33,9% disseram que permaneceu igual, enquanto apenas 17,2% acreditam que houve melhora no combate \u00e0 criminalidade.<\/p>\n\n\n\n<p>A pesquisa foi realizada entre os dias 21 e 24 de outubro, ou seja, antes da megaopera\u00e7\u00e3o policial nos complexos do Alem\u00e3o e da Penha, no&nbsp;<a href=\"http:\/\/pleno.news\/tag\/rio-de-janeiro\" target=\"_blank\" rel=\"noreferrer noopener\">Rio de Janeiro<\/a>, que j\u00e1 deixou mais de 120 mortos \u2014 incluindo quatro policiais \u2014 e ao menos 81 presos. A a\u00e7\u00e3o, considerada a mais letal da hist\u00f3ria do estado, gerou forte rea\u00e7\u00e3o p\u00fablica e reacendeu o debate nacional sobre seguran\u00e7a p\u00fablica.<\/p>\n\n\n\n<p>O levantamento, por sinal, indicou que a insatisfa\u00e7\u00e3o com a seguran\u00e7a atinge at\u00e9 a Regi\u00e3o Nordeste, tradicional reduto eleitoral de Lula, onde 39,9% dos entrevistados afirmaram que a situa\u00e7\u00e3o piorou, enquanto 36,5% disseram que permaneceu igual e s\u00f3 20,9% visualizaram uma melhora nesse quesito. Nas demais regi\u00f5es, a avalia\u00e7\u00e3o \u00e9 ainda mais negativa para o governo, atingindo 53,8% no Sul.<\/p>\n\n\n\n<p>A pesquisa foi divulgada um dia ap\u00f3s o governador Cl\u00e1udio Castro (PL-RJ) afirmar que o governo do Rio de Janeiro estava \u201csozinho\u201d no combate ao crime organizado, ap\u00f3s a opera\u00e7\u00e3o contra o Comando Vermelho (CV). Castro declarou que o Executivo federal teria recusado apoio militar.<\/p>\n\n\n\n<p>O levantamento do instituto Paran\u00e1 Pesquisas ouviu 2.020 eleitores em 162 munic\u00edpios dos 26 estados e do Distrito Federal. A margem de erro \u00e9 de 2,2 pontos percentuais, para mais ou para menos, com n\u00edvel de confian\u00e7a de 95%.<\/p>\n","protected":false},"excerpt":{"rendered":"<p>Um levantamento do instituto Paran\u00e1 Pesquisas, divulgado nesta quarta-feira (29), apontou que quase metade dos brasileiros considera que a seguran\u00e7a p\u00fablica no pa\u00eds piorou desde o in\u00edcio do terceiro mandato do presidente&nbsp;Luiz In\u00e1cio Lula da Silva&nbsp;(PT). De acordo com a pesquisa, 45,8% dos entrevistados afirmaram que a situa\u00e7\u00e3o da seguran\u00e7a p\u00fablica piorou sob o atual [&hellip;]<\/p>\n","protected":false},"author":2,"featured_media":22497,"comment_status":"open","ping_status":"open","sticky":false,"template":"","format":"standard","meta":[],"categories":[12,10],"tags":[],"_links":{"self":[{"href":"https:\/\/dgospel.com.br\/portal\/index.php\/wp-json\/wp\/v2\/posts\/22496"}],"collection":[{"href":"https:\/\/dgospel.com.br\/portal\/index.php\/wp-json\/wp\/v2\/posts"}],"about":[{"href":"https:\/\/dgospel.com.br\/portal\/index.php\/wp-json\/wp\/v2\/types\/post"}],"author":[{"embeddable":true,"href":"https:\/\/dgospel.com.br\/portal\/index.php\/wp-json\/wp\/v2\/users\/2"}],"replies":[{"embeddable":true,"href":"https:\/\/dgospel.com.br\/portal\/index.php\/wp-json\/wp\/v2\/comments?post=22496"}],"version-history":[{"count":1,"href":"https:\/\/dgospel.com.br\/portal\/index.php\/wp-json\/wp\/v2\/posts\/22496\/revisions"}],"predecessor-version":[{"id":22498,"href":"https:\/\/dgospel.com.br\/portal\/index.php\/wp-json\/wp\/v2\/posts\/22496\/revisions\/22498"}],"wp:featuredmedia":[{"embeddable":true,"href":"https:\/\/dgospel.com.br\/portal\/index.php\/wp-json\/wp\/v2\/media\/22497"}],"wp:attachment":[{"href":"https:\/\/dgospel.com.br\/portal\/index.php\/wp-json\/wp\/v2\/media?parent=22496"}],"wp:term":[{"taxonomy":"category","embeddable":true,"href":"https:\/\/dgospel.com.br\/portal\/index.php\/wp-json\/wp\/v2\/categories?post=22496"},{"taxonomy":"post_tag","embeddable":true,"href":"https:\/\/dgospel.com.br\/portal\/index.php\/wp-json\/wp\/v2\/tags?post=22496"}],"curies":[{"name":"wp","href":"https:\/\/api.w.org\/{rel}","templated":true}]}}