{"id":22499,"date":"2025-10-29T11:47:38","date_gmt":"2025-10-29T14:47:38","guid":{"rendered":"https:\/\/dgospel.com.br\/portal\/?p=22499"},"modified":"2025-10-29T11:50:00","modified_gmt":"2025-10-29T14:50:00","slug":"comissao-da-camara-repudia-fala-de-lula-sobre-traficantes-vitimas","status":"publish","type":"post","link":"https:\/\/dgospel.com.br\/portal\/index.php\/2025\/10\/29\/comissao-da-camara-repudia-fala-de-lula-sobre-traficantes-vitimas\/","title":{"rendered":"Comiss\u00e3o da C\u00e2mara repudia fala de Lula sobre \u2018traficantes v\u00edtimas\u2019"},"content":{"rendered":"\n<p>Nesta ter\u00e7a-feira (28), a Comiss\u00e3o de Seguran\u00e7a P\u00fablica e Combate ao Crime Organizado da C\u00e2mara dos Deputados aprovou um requerimento de rep\u00fadio \u00e0 declara\u00e7\u00e3o do presidente Luiz In\u00e1cio Lula da Silva (PT) sobre traficantes de drogas serem \u201cv\u00edtimas dos usu\u00e1rios tamb\u00e9m\u201d.<\/p>\n\n\n\n<p>Autor da mo\u00e7\u00e3o de rep\u00fadio, o deputado federal Capit\u00e3o Alden (PL-BA) afirmou que o petista fez \u201cdeclara\u00e7\u00f5es desrespeitosas e equivocadas proferidas em \u00e2mbito internacional, minimizando a gravidade do crime organizado e relativizando o papel de traficantes na perpetua\u00e7\u00e3o da viol\u00eancia\u201d.<\/p>\n\n\n\n<p>\u2013 Tais declara\u00e7\u00f5es minam o esfor\u00e7o das for\u00e7as de seguran\u00e7a p\u00fablica, desrespeitam as v\u00edtimas do crime organizado e deslegitimam a atua\u00e7\u00e3o policial \u2013 argumentou.<\/p>\n\n\n\n<p>A fala em quest\u00e3o foi proferida por Lula durante coletiva de imprensa na Indon\u00e9sia, na \u00faltima sexta-feira (24). Na ocasi\u00e3o, o presidente criticava a opera\u00e7\u00e3o feita pelos Estados Unidos contra embarca\u00e7\u00f5es ligadas ao narcotr\u00e1fico no Caribe.<\/p>\n\n\n\n<p>\u2013 Toda vez que a gente fala de combater as drogas, possivelmente fosse mais f\u00e1cil a gente combater os nossos viciados internamente. Os usu\u00e1rios s\u00e3o respons\u00e1veis pelos traficantes, que s\u00e3o v\u00edtimas dos usu\u00e1rios, tamb\u00e9m. Voc\u00ea tem uma troca de gente que vende porque tem gente que compra (\u2026). Ent\u00e3o, \u00e9 preciso que a gente tenha mais cuidado no combate a droga \u2013 assinalou.<\/p>\n\n\n\n<p>Ap\u00f3s ampla repercuss\u00e3o negativa, o chefe do Executivo afirmou que a frase foi \u201cmal colocada\u201d e que seu posicionamento \u00e9 \u201cmuito claro contra os traficantes e o crime organizado\u201d.<\/p>\n\n\n\n<p>\u2013 Mais importante do que as palavras s\u00e3o as a\u00e7\u00f5es que o meu governo vem realizando, como \u00e9 o caso da maior opera\u00e7\u00e3o da hist\u00f3ria contra o crime organizado, o encaminhamento ao Congresso da PEC da Seguran\u00e7a P\u00fablica e os recordes na apreens\u00e3o de drogas no pa\u00eds. Continuaremos firmes no enfrentamento ao tr\u00e1fico de drogas e ao crime organizado \u2013 argumentou.<\/p>\n","protected":false},"excerpt":{"rendered":"<p>Nesta ter\u00e7a-feira (28), a Comiss\u00e3o de Seguran\u00e7a P\u00fablica e Combate ao Crime Organizado da C\u00e2mara dos Deputados aprovou um requerimento de rep\u00fadio \u00e0 declara\u00e7\u00e3o do presidente Luiz In\u00e1cio Lula da Silva (PT) sobre traficantes de drogas serem \u201cv\u00edtimas dos usu\u00e1rios tamb\u00e9m\u201d. Autor da mo\u00e7\u00e3o de rep\u00fadio, o deputado federal Capit\u00e3o Alden (PL-BA) afirmou que o [&hellip;]<\/p>\n","protected":false},"author":2,"featured_media":22500,"comment_status":"open","ping_status":"open","sticky":false,"template":"","format":"standard","meta":[],"categories":[12,4],"tags":[],"_links":{"self":[{"href":"https:\/\/dgospel.com.br\/portal\/index.php\/wp-json\/wp\/v2\/posts\/22499"}],"collection":[{"href":"https:\/\/dgospel.com.br\/portal\/index.php\/wp-json\/wp\/v2\/posts"}],"about":[{"href":"https:\/\/dgospel.com.br\/portal\/index.php\/wp-json\/wp\/v2\/types\/post"}],"author":[{"embeddable":true,"href":"https:\/\/dgospel.com.br\/portal\/index.php\/wp-json\/wp\/v2\/users\/2"}],"replies":[{"embeddable":true,"href":"https:\/\/dgospel.com.br\/portal\/index.php\/wp-json\/wp\/v2\/comments?post=22499"}],"version-history":[{"count":1,"href":"https:\/\/dgospel.com.br\/portal\/index.php\/wp-json\/wp\/v2\/posts\/22499\/revisions"}],"predecessor-version":[{"id":22501,"href":"https:\/\/dgospel.com.br\/portal\/index.php\/wp-json\/wp\/v2\/posts\/22499\/revisions\/22501"}],"wp:featuredmedia":[{"embeddable":true,"href":"https:\/\/dgospel.com.br\/portal\/index.php\/wp-json\/wp\/v2\/media\/22500"}],"wp:attachment":[{"href":"https:\/\/dgospel.com.br\/portal\/index.php\/wp-json\/wp\/v2\/media?parent=22499"}],"wp:term":[{"taxonomy":"category","embeddable":true,"href":"https:\/\/dgospel.com.br\/portal\/index.php\/wp-json\/wp\/v2\/categories?post=22499"},{"taxonomy":"post_tag","embeddable":true,"href":"https:\/\/dgospel.com.br\/portal\/index.php\/wp-json\/wp\/v2\/tags?post=22499"}],"curies":[{"name":"wp","href":"https:\/\/api.w.org\/{rel}","templated":true}]}}