{"id":22505,"date":"2025-10-30T10:36:51","date_gmt":"2025-10-30T13:36:51","guid":{"rendered":"https:\/\/dgospel.com.br\/portal\/?p=22505"},"modified":"2025-10-30T10:36:52","modified_gmt":"2025-10-30T13:36:52","slug":"menina-de-7-anos-morre-baleada-em-tentativa-de-assalto-apos-sair-do-culto-no-rn","status":"publish","type":"post","link":"https:\/\/dgospel.com.br\/portal\/index.php\/2025\/10\/30\/menina-de-7-anos-morre-baleada-em-tentativa-de-assalto-apos-sair-do-culto-no-rn\/","title":{"rendered":"Menina de 7 anos morre baleada em tentativa de assalto ap\u00f3s sair do culto no RN"},"content":{"rendered":"\n<p>A regi\u00e3o metropolitana de Natal registrou uma trag\u00e9dia na noite de domingo (25). A menina Cec\u00edlia C\u00e2ndido Duarte, de 7 anos, morreu ap\u00f3s ser baleada durante uma tentativa de assalto na estrada que liga S\u00e3o Jos\u00e9 de Mipibu a N\u00edsia Floresta, no&nbsp;<strong><a href=\"https:\/\/guiame.com.br\/gospel\/missoes-acao-social\/missao-batiza-26-detentos-em-prisao-no-rio-grande-do-norte-ha-liberdade-em-cristo.html\">Rio Grande do Norte<\/a><\/strong>.<\/p>\n\n\n\n<p>Ela voltava para casa com o padrasto depois de participar de um&nbsp;<strong><a href=\"https:\/\/guiame.com.br\/gospel\/missoes-acao-social\/impedidos-de-fazer-culto-na-ufrgs-jovens-cristaos-pregam-na-rua-e-levam-vidas-jesus.html\">culto evang\u00e9lico<\/a><\/strong>.<\/p>\n\n\n\n<p>Segundo informa\u00e7\u00f5es da Pol\u00edcia Militar, criminosos armados interceptaram o ve\u00edculo da fam\u00edlia e dispararam contra o carro.<\/p>\n\n\n\n<p>Cec\u00edlia foi atingida e chegou a ser socorrida, mas n\u00e3o resistiu aos ferimentos. O padrasto n\u00e3o ficou ferido.<\/p>\n\n\n\n<p>A escola onde Cec\u00edlia estudava prestou homenagem em seu perfil no Instagram:<\/p>\n\n\n\n<p>\u201cHoje, sentimos profundamente sua partida, pois Cec\u00edlia fez parte da nossa hist\u00f3ria e permanece em nossa mem\u00f3ria e em nosso cora\u00e7\u00e3o.<br>Como escola que encontra na f\u00e9 sua base, buscamos consolo na promessa de Cristo: \u2018Eu sou a ressurrei\u00e7\u00e3o e a vida. Quem cr\u00ea em mim, ainda que morra, viver\u00e1.\u2019 (Jo\u00e3o 11,25)\u201d<\/p>\n\n\n\n<p>M\u00e3e da menina, Djenifer C\u00e2ndido respondeu na postagem: \u201cEu agrade\u00e7o a Escola e a todos q se reuniram para homenagear minha amada filha.\u201d<\/p>\n\n\n\n<p>A morte da menina gerou grande como\u00e7\u00e3o na comunidade. A Prefeitura de S\u00e3o Jos\u00e9 de Mipibu divulgou nota oficial lamentando o ocorrido:<\/p>\n\n\n\n<p>\u201cNeste momento de dor, externamos nossa solidariedade e o mais profundo sentimento de pesar aos familiares e amigos, pedindo a Deus que conceda for\u00e7a e consolo a todos.\u201d<\/p>\n\n\n\n<p>A Pol\u00edcia Civil abriu inqu\u00e9rito para identificar os autores do crime. A Secretaria de Seguran\u00e7a P\u00fablica do RN informou que equipes especializadas est\u00e3o atuando na investiga\u00e7\u00e3o e refor\u00e7ou o policiamento na regi\u00e3o.<\/p>\n\n\n\n<p><a href=\"https:\/\/www.instagram.com\/p\/DQRmFCAANOz\/?utm_source=ig_embed&amp;ig_rid=fcff0a63-14ce-487b-8c5c-f58c79f3a013\">https:\/\/www.instagram.com\/p\/DQRmFCAANOz\/?utm_source=ig_embed&amp;ig_rid=fcff0a63-14ce-487b-8c5c-f58c79f3a013<\/a><\/p>\n","protected":false},"excerpt":{"rendered":"<p>A regi\u00e3o metropolitana de Natal registrou uma trag\u00e9dia na noite de domingo (25). A menina Cec\u00edlia C\u00e2ndido Duarte, de 7 anos, morreu ap\u00f3s ser baleada durante uma tentativa de assalto na estrada que liga S\u00e3o Jos\u00e9 de Mipibu a N\u00edsia Floresta, no&nbsp;Rio Grande do Norte. Ela voltava para casa com o padrasto depois de participar [&hellip;]<\/p>\n","protected":false},"author":2,"featured_media":22506,"comment_status":"open","ping_status":"open","sticky":false,"template":"","format":"standard","meta":[],"categories":[12,10],"tags":[],"_links":{"self":[{"href":"https:\/\/dgospel.com.br\/portal\/index.php\/wp-json\/wp\/v2\/posts\/22505"}],"collection":[{"href":"https:\/\/dgospel.com.br\/portal\/index.php\/wp-json\/wp\/v2\/posts"}],"about":[{"href":"https:\/\/dgospel.com.br\/portal\/index.php\/wp-json\/wp\/v2\/types\/post"}],"author":[{"embeddable":true,"href":"https:\/\/dgospel.com.br\/portal\/index.php\/wp-json\/wp\/v2\/users\/2"}],"replies":[{"embeddable":true,"href":"https:\/\/dgospel.com.br\/portal\/index.php\/wp-json\/wp\/v2\/comments?post=22505"}],"version-history":[{"count":1,"href":"https:\/\/dgospel.com.br\/portal\/index.php\/wp-json\/wp\/v2\/posts\/22505\/revisions"}],"predecessor-version":[{"id":22507,"href":"https:\/\/dgospel.com.br\/portal\/index.php\/wp-json\/wp\/v2\/posts\/22505\/revisions\/22507"}],"wp:featuredmedia":[{"embeddable":true,"href":"https:\/\/dgospel.com.br\/portal\/index.php\/wp-json\/wp\/v2\/media\/22506"}],"wp:attachment":[{"href":"https:\/\/dgospel.com.br\/portal\/index.php\/wp-json\/wp\/v2\/media?parent=22505"}],"wp:term":[{"taxonomy":"category","embeddable":true,"href":"https:\/\/dgospel.com.br\/portal\/index.php\/wp-json\/wp\/v2\/categories?post=22505"},{"taxonomy":"post_tag","embeddable":true,"href":"https:\/\/dgospel.com.br\/portal\/index.php\/wp-json\/wp\/v2\/tags?post=22505"}],"curies":[{"name":"wp","href":"https:\/\/api.w.org\/{rel}","templated":true}]}}