{"id":22508,"date":"2025-10-30T10:57:10","date_gmt":"2025-10-30T13:57:10","guid":{"rendered":"https:\/\/dgospel.com.br\/portal\/?p=22508"},"modified":"2025-10-30T10:57:11","modified_gmt":"2025-10-30T13:57:11","slug":"evangelicos-tem-crescimento-explosivo-na-africa-mas-formacao-teologica-e-um-desafio","status":"publish","type":"post","link":"https:\/\/dgospel.com.br\/portal\/index.php\/2025\/10\/30\/evangelicos-tem-crescimento-explosivo-na-africa-mas-formacao-teologica-e-um-desafio\/","title":{"rendered":"Evang\u00e9licos t\u00eam crescimento explosivo na \u00c1frica, mas forma\u00e7\u00e3o teol\u00f3gica \u00e9 um desafio"},"content":{"rendered":"\n<p>O pesquisador Jason Mandryk, da organiza\u00e7\u00e3o Operation World, afirmou durante a Assembleia Geral da Alian\u00e7a Evang\u00e9lica Mundial (WEA), realizada em Seul, que os evang\u00e9licos apresentam um&nbsp;<a href=\"https:\/\/noticias.gospelmais.com\/america-latina-africa-asia-crescimento-evangelico-182464.html\">crescimento \u201cexplosivo\u201d no continente africano<\/a>. Em contraste, o avan\u00e7o em na\u00e7\u00f5es ocidentais foi caracterizado como \u201cmodesto\u201d.<\/p>\n\n\n\n<p>Em sua exposi\u00e7\u00e3o, Mandryk detalhou a mudan\u00e7a no panorama global do movimento. Em 1960, os evang\u00e9licos correspondiam a 8% dos crist\u00e3os no mundo. Atualmente, esse percentual supera 25%, representando uma comunidade estimada entre 600 e 650 milh\u00f5es de pessoas. \u201cSomos muitos\u2026 e estamos crescendo\u201d, declarou o pesquisador, atribuindo o crescimento a fatores como natalidade, evangelismo e convers\u00e3o de crist\u00e3os de outras denomina\u00e7\u00f5es.<\/p>\n\n\n\n<p>Cerca de 70% dos crist\u00e3os do mundo, incluindo um n\u00famero significativo de evang\u00e9licos, residem atualmente na \u00c1frica, \u00c1sia e Am\u00e9rica Latina. Mandryk descreveu as igrejas evang\u00e9licas africanas como \u201cvibrantes\u201d e de \u201cr\u00e1pido crescimento\u201d, ressaltando que quase 70% de todo o crescimento crist\u00e3o global ocorre exclusivamente no continente africano. Este fen\u00f4meno, que ele vinculou a um processo de \u201curbaniza\u00e7\u00e3o acelerada\u201d, tornou-se evidente a partir de 1980, marco descrito como um \u201cponto de virada\u201d.<\/p>\n\n\n\n<p>\u201cO futuro do cristianismo j\u00e1 est\u00e1 aqui e j\u00e1 est\u00e1 aqui h\u00e1 45 anos. A no\u00e7\u00e3o de cristianismo e evangelicalismo como a religi\u00e3o do homem branco est\u00e1 desaparecendo rapidamente no retrovisor\u201d, afirmou Mandryk. Esta nova realidade, segundo ele, imp\u00f5e uma reflex\u00e3o: se o movimento \u00e9 guiado pelas atuais realidades demogr\u00e1ficas ou pelos \u201cvest\u00edgios do passado\u201d.<\/p>\n\n\n\n<p>O crescimento acelerado dos evang\u00e9licos na \u00c1frica traz consigo desafios urgentes. Mandryk enfatizou que \u201co discipulado precisa estar entre nossas principais prioridades\u201d, juntamente com o treinamento pastoral e o desenvolvimento de lideran\u00e7a.<\/p>\n\n\n\n<p><strong>Defini\u00e7\u00e3o e Reputa\u00e7\u00e3o do Termo \u201cEvang\u00e9lico\u201d<\/strong><\/p>\n\n\n\n<p>Mandryk tamb\u00e9m abordou a falta de consenso sobre a defini\u00e7\u00e3o do termo \u201cevang\u00e9lico\u201d, que \u00e9 alvo de debate h\u00e1 d\u00e9cadas. Ele observou a exist\u00eancia de uma \u201cgama vertiginosa de defini\u00e7\u00f5es\u201d e que o termo \u00e9, por vezes, usado \u201cde forma injusta, imprecisa e at\u00e9 prejudicial\u201d.<\/p>\n\n\n\n<p>\u201cSignifica coisas diferentes para pessoas diferentes. E at\u00e9 mesmo ser evangelizador significa coisas diferentes para diferentes evangelizadores\u201d, disse, acrescentando que a comunidade precisar\u00e1 operar na aus\u00eancia de uma defini\u00e7\u00e3o \u00fanica e universal.<\/p>\n\n\n\n<p>O pesquisador reconheceu que a reputa\u00e7\u00e3o do movimento entre os evang\u00e9licos foi afetada por uma sucess\u00e3o de esc\u00e2ndalos. \u201cMuitas vezes, temos apresentado um testemunho fraco para o mundo dominante\u201d, declarou. Ele observou que, em alguns contextos, o termo \u201cevang\u00e9lico\u201d passou de uma conota\u00e7\u00e3o positiva para ser associado a palavras como \u201chip\u00f3critas, intolerantes e odiosos\u201d.<\/p>\n\n\n\n<p><strong>Desafio Central: Forma\u00e7\u00e3o Teol\u00f3gica na \u00c1frica<\/strong><\/p>\n\n\n\n<p>O painel contou tamb\u00e9m com a participa\u00e7\u00e3o do Dr. David Tarus, da Associa\u00e7\u00e3o de Evang\u00e9licos na \u00c1frica, que exp\u00f4s um dos maiores obst\u00e1culos para o crescimento sustent\u00e1vel: a forma\u00e7\u00e3o pastoral.<\/p>\n\n\n\n<p>Dados de uma pesquisa realizada por sua organiza\u00e7\u00e3o indicam que 90% dos pastores africanos n\u00e3o possuem qualquer forma\u00e7\u00e3o teol\u00f3gica formal. Al\u00e9m disso, 79,5% n\u00e3o det\u00eam um diploma de bacharelado. Para 87,9% desses l\u00edderes, a falta de recursos financeiros \u00e9 a principal barreira, enquanto 27,4% citam a falta de tempo.<\/p>\n\n\n\n<p>\u201cEra de se admirar\u201d que o cristianismo africano enfrente desafios como sincretismo, teologia da prosperidade e divis\u00f5es, questionou Tarus. Ele defendeu que \u00e9 \u201cfundamental\u201d repensar o acesso \u00e0 forma\u00e7\u00e3o teol\u00f3gica, argumentando que a igreja \u201cn\u00e3o deve esperar que as pessoas venham \u00e0s nossas institui\u00e7\u00f5es\u201d, mas sim \u201clevar a educa\u00e7\u00e3o teol\u00f3gica \u00e0 igreja local e \u00e0s comunidades\u201d.<\/p>\n\n\n\n<p>Foram citadas iniciativas que combinam forma\u00e7\u00e3o informal com cursos formais, estes \u00faltimos muitas vezes invi\u00e1veis para a maioria dos pastores devido \u00e0 sua dura\u00e7\u00e3o de quatro anos. Tarus ilustrou a efic\u00e1cia do modelo informal com o exemplo de seu pr\u00f3prio pai, que fundou diversas igrejas ap\u00f3s receber treinamento \u201cdebaixo das \u00e1rvores\u201d por crist\u00e3os de institui\u00e7\u00f5es teol\u00f3gicas.<\/p>\n\n\n\n<p>\u201cPrecisamos come\u00e7ar a imaginar maneiras de desenvolver esse tipo de l\u00edder, porque s\u00e3o esses os l\u00edderes de que a Igreja depende\u201d, concluiu o Dr. Tarus, segundo o<a href=\"https:\/\/www.christiantoday.com\/\">&nbsp;The Christian Today.<\/a><\/p>\n","protected":false},"excerpt":{"rendered":"<p>O pesquisador Jason Mandryk, da organiza\u00e7\u00e3o Operation World, afirmou durante a Assembleia Geral da Alian\u00e7a Evang\u00e9lica Mundial (WEA), realizada em Seul, que os evang\u00e9licos apresentam um&nbsp;crescimento \u201cexplosivo\u201d no continente africano. Em contraste, o avan\u00e7o em na\u00e7\u00f5es ocidentais foi caracterizado como \u201cmodesto\u201d. Em sua exposi\u00e7\u00e3o, Mandryk detalhou a mudan\u00e7a no panorama global do movimento. Em 1960, [&hellip;]<\/p>\n","protected":false},"author":2,"featured_media":22509,"comment_status":"open","ping_status":"open","sticky":false,"template":"","format":"standard","meta":[],"categories":[16],"tags":[13],"_links":{"self":[{"href":"https:\/\/dgospel.com.br\/portal\/index.php\/wp-json\/wp\/v2\/posts\/22508"}],"collection":[{"href":"https:\/\/dgospel.com.br\/portal\/index.php\/wp-json\/wp\/v2\/posts"}],"about":[{"href":"https:\/\/dgospel.com.br\/portal\/index.php\/wp-json\/wp\/v2\/types\/post"}],"author":[{"embeddable":true,"href":"https:\/\/dgospel.com.br\/portal\/index.php\/wp-json\/wp\/v2\/users\/2"}],"replies":[{"embeddable":true,"href":"https:\/\/dgospel.com.br\/portal\/index.php\/wp-json\/wp\/v2\/comments?post=22508"}],"version-history":[{"count":1,"href":"https:\/\/dgospel.com.br\/portal\/index.php\/wp-json\/wp\/v2\/posts\/22508\/revisions"}],"predecessor-version":[{"id":22510,"href":"https:\/\/dgospel.com.br\/portal\/index.php\/wp-json\/wp\/v2\/posts\/22508\/revisions\/22510"}],"wp:featuredmedia":[{"embeddable":true,"href":"https:\/\/dgospel.com.br\/portal\/index.php\/wp-json\/wp\/v2\/media\/22509"}],"wp:attachment":[{"href":"https:\/\/dgospel.com.br\/portal\/index.php\/wp-json\/wp\/v2\/media?parent=22508"}],"wp:term":[{"taxonomy":"category","embeddable":true,"href":"https:\/\/dgospel.com.br\/portal\/index.php\/wp-json\/wp\/v2\/categories?post=22508"},{"taxonomy":"post_tag","embeddable":true,"href":"https:\/\/dgospel.com.br\/portal\/index.php\/wp-json\/wp\/v2\/tags?post=22508"}],"curies":[{"name":"wp","href":"https:\/\/api.w.org\/{rel}","templated":true}]}}