{"id":2251,"date":"2019-01-09T10:26:33","date_gmt":"2019-01-09T12:26:33","guid":{"rendered":"http:\/\/dgospel.com.br\/portal\/?p=2251"},"modified":"2019-01-09T10:26:33","modified_gmt":"2019-01-09T12:26:33","slug":"governo-recontrata-mais-500-servidores-da-saude","status":"publish","type":"post","link":"https:\/\/dgospel.com.br\/portal\/index.php\/2019\/01\/09\/governo-recontrata-mais-500-servidores-da-saude\/","title":{"rendered":"Governo recontrata mais 500 servidores da sa\u00fade"},"content":{"rendered":"<p>Ap\u00f3s pol\u00eamicas e reclama\u00e7\u00f5es sobre o atendimento e falta de m\u00e9dicos nos hospitais do estado, o Governo do Tocantins recontratou 557 profissionais da sa\u00fade. Os servidores que retornam ao trabalho s\u00e3o m\u00e9dicos, fisioterapeutas, t\u00e9cnicos de enfermagem, farmac\u00eauticos e outros.<\/p>\n<p data-track-category=\"Link no Texto\" data-track-links=\"\">O Di\u00e1rio Oficial publicado nesta ter\u00e7a-feira (8), anulou o ato que havia exonerado esses profissionais.\u00a0<strong>Desde a exonera\u00e7\u00e3o de 15 mil servidores no dia 1\u00ba de janeiro, entre eles mais de 600 m\u00e9dicos<\/strong>, a popula\u00e7\u00e3o enfrenta dificuldades para ser atendido nas unidades de sa\u00fade do estado.<\/p>\n<p data-track-category=\"Link no Texto\" data-track-links=\"\">Duas mulheres gr\u00e1vidas que reclamaram da demora ao procurarem o hospital, perderam os beb\u00eas\u00a0<strong>e um dos casos chegou a ser registrado na delegacia<\/strong>. No \u00faltimo dia 4,\u00a0<strong>o governo j\u00e1 havia recontratado 387 m\u00e9dicos<\/strong>, mas\u00a0<strong>mesmo assim o atendimento nos hospitais continuou prec\u00e1rio.<\/strong><\/p>\n<p data-track-category=\"Link no Texto\" data-track-links=\"\">O Di\u00e1rio Oficial desta ter\u00e7a-feira tamb\u00e9m trouxe a recontrata\u00e7\u00e3o de 260 servidores que haviam sido exonerados da Secretaria de Cidadania e Justi\u00e7a. De acordo com o governo, a medida \u00e9 para dar continuidade a servi\u00e7os considerados essenciais, principalmente atividades do sistema prisional e socioeducativo.<\/p>\n<h2>Reforma administrativa<\/h2>\n<p>A dispensa de servidores tempor\u00e1rios e comissionados foi anunciada pela equipe de Mauro Carlesse (PHS) como uma forma de conten\u00e7\u00e3o de gastos e de reenquadramento do estado na Lei de Responsabilidade Fiscal. O governo diz que at\u00e9 31 de dezembro de 2018, os servidores efetivos representavam apenas 60% do n\u00famero total e que com as mudan\u00e7as a propor\u00e7\u00e3o deve chegar a 80%.<\/p>\n<p data-track-category=\"Link no Texto\" data-track-links=\"\">Tamb\u00e9m no dia 4 foi anunciado que\u00a0<strong>os servidores de tr\u00eas \u00f3rg\u00e3os que est\u00e3o sendo extintos v\u00e3o ser transferidos para a Secretaria de Sa\u00fade e o Detran<\/strong>. O governo diz que o projeto final da reforma administrativa est\u00e1 em fase de conclus\u00e3o e at\u00e9 l\u00e1, somente os cargos comissionados considerados essenciais estar\u00e3o sendo repostos.<\/p>\n<p data-track-category=\"Link no Texto\" data-track-links=\"\">Fonte:\u00a0G1 Tocantins<\/p>\n<p data-track-category=\"Link no Texto\" data-track-links=\"\">\n<p>&nbsp;<\/p>\n","protected":false},"excerpt":{"rendered":"<p>Ap\u00f3s pol\u00eamicas e reclama\u00e7\u00f5es sobre o atendimento e falta de m\u00e9dicos nos hospitais do estado, o Governo do Tocantins recontratou 557 profissionais da sa\u00fade. Os servidores que retornam ao trabalho s\u00e3o m\u00e9dicos, fisioterapeutas, t\u00e9cnicos de enfermagem, farmac\u00eauticos e outros. O Di\u00e1rio Oficial publicado nesta ter\u00e7a-feira (8), anulou o ato que havia exonerado esses profissionais.\u00a0Desde a [&hellip;]<\/p>\n","protected":false},"author":2,"featured_media":2252,"comment_status":"open","ping_status":"open","sticky":false,"template":"","format":"standard","meta":[],"categories":[2,4],"tags":[],"_links":{"self":[{"href":"https:\/\/dgospel.com.br\/portal\/index.php\/wp-json\/wp\/v2\/posts\/2251"}],"collection":[{"href":"https:\/\/dgospel.com.br\/portal\/index.php\/wp-json\/wp\/v2\/posts"}],"about":[{"href":"https:\/\/dgospel.com.br\/portal\/index.php\/wp-json\/wp\/v2\/types\/post"}],"author":[{"embeddable":true,"href":"https:\/\/dgospel.com.br\/portal\/index.php\/wp-json\/wp\/v2\/users\/2"}],"replies":[{"embeddable":true,"href":"https:\/\/dgospel.com.br\/portal\/index.php\/wp-json\/wp\/v2\/comments?post=2251"}],"version-history":[{"count":1,"href":"https:\/\/dgospel.com.br\/portal\/index.php\/wp-json\/wp\/v2\/posts\/2251\/revisions"}],"predecessor-version":[{"id":2253,"href":"https:\/\/dgospel.com.br\/portal\/index.php\/wp-json\/wp\/v2\/posts\/2251\/revisions\/2253"}],"wp:featuredmedia":[{"embeddable":true,"href":"https:\/\/dgospel.com.br\/portal\/index.php\/wp-json\/wp\/v2\/media\/2252"}],"wp:attachment":[{"href":"https:\/\/dgospel.com.br\/portal\/index.php\/wp-json\/wp\/v2\/media?parent=2251"}],"wp:term":[{"taxonomy":"category","embeddable":true,"href":"https:\/\/dgospel.com.br\/portal\/index.php\/wp-json\/wp\/v2\/categories?post=2251"},{"taxonomy":"post_tag","embeddable":true,"href":"https:\/\/dgospel.com.br\/portal\/index.php\/wp-json\/wp\/v2\/tags?post=2251"}],"curies":[{"name":"wp","href":"https:\/\/api.w.org\/{rel}","templated":true}]}}