{"id":22514,"date":"2025-10-30T16:46:38","date_gmt":"2025-10-30T19:46:38","guid":{"rendered":"https:\/\/dgospel.com.br\/portal\/?p=22514"},"modified":"2025-10-30T16:46:39","modified_gmt":"2025-10-30T19:46:39","slug":"jornalista-nos-eua-denuncias-de-carvajal-comprometem-lula","status":"publish","type":"post","link":"https:\/\/dgospel.com.br\/portal\/index.php\/2025\/10\/30\/jornalista-nos-eua-denuncias-de-carvajal-comprometem-lula\/","title":{"rendered":"Jornalista nos EUA: Den\u00fancias de Carvajal comprometem Lula"},"content":{"rendered":"\n<p>O ex-diretor de intelig\u00eancia da Venezuela, Hugo Armando \u201cEl Pollo\u201d Carvajal, afirmou ter provas de que o presidente Luiz In\u00e1cio Lula da Silva (PT) integra uma rede de financiamento ilegal de campanhas pol\u00edticas em pa\u00edses da Am\u00e9rica Latina. A den\u00fancia foi revelada pela jornalista Elisa Robson, que afirma ter entrevistado Carvajal recentemente em Nova Iorque, onde ele est\u00e1 preso e colabora com as autoridades dos Estados Unidos.<\/p>\n\n\n\n<p>Em participa\u00e7\u00e3o no\u00a0<em>Pleno Time<\/em>\u00a0nesta quarta-feira (29), Elisa relatou que Carvajal mencionou Lula nominalmente como parte de um \u201cgrupo criminoso\u201d formado por l\u00edderes de esquerda latino-americanos que teriam recebido recursos il\u00edcitos da estatal venezuelana PDVSA.<\/p>\n\n\n\n<p>Segundo a jornalista, o ex-militar venezuelano garante possuir documentos e provas que sustentam as acusa\u00e7\u00f5es.<\/p>\n\n\n\n<p>\u2013 Eu conversei diretamente com ele. Ent\u00e3o, eu posso garantir para voc\u00ea que Carvajal mencionou claramente que Lula faz parte de um esquema criminoso de ascens\u00e3o ao poder atrav\u00e9s desse financiamento ilegal \u2013 disse Elisa.<\/p>\n\n\n\n<p>Carvajal foi extraditado para os Estados Unidos em 2023 e colabora com a Justi\u00e7a americana em troca de redu\u00e7\u00e3o de pena. Seu julgamento, inicialmente marcado para 29 de outubro, foi adiado para 19 de novembro, ap\u00f3s ele apresentar novos documentos considerados relevantes pelas autoridades.<\/p>\n\n\n\n<p>Elisa considera que esse adiamento demonstra a for\u00e7a das novas provas entregues pelo ex-chefe de intelig\u00eancia.<\/p>\n\n\n\n<p>De acordo com a jornalista, as den\u00fancias de Carvajal n\u00e3o se limitam ao Brasil e envolvem tamb\u00e9m outros l\u00edderes de esquerda, como Nicol\u00e1s Maduro (Venezuela) e Gustavo Petro (Col\u00f4mbia). Ela acredita que a divulga\u00e7\u00e3o integral do material pode desestabilizar o grupo pol\u00edtico que, segundo o ex-militar, atua para manter a influ\u00eancia da esquerda na Am\u00e9rica Latina.<\/p>\n\n\n\n<p>\u2013 No Brasil, eu tenho expectativa de que o pr\u00f3prio sistema pol\u00edtico v\u00e1 descartar Lula, na medida de que tudo isso cada vez se comprove e aumente a press\u00e3o em rela\u00e7\u00e3o a este tema \u2013 afirmou.<\/p>\n\n\n\n<p>A jornalista tamb\u00e9m afirmou que questionou Carvajal sobre poss\u00edveis liga\u00e7\u00f5es com autoridades do Judici\u00e1rio brasileiro, incluindo ministros do Supremo Tribunal Federal (STF), mas ele preferiu n\u00e3o citar nomes.<\/p>\n\n\n\n<p>\u2013 Me interessa muito saber quem mais orbita ao redor de Lula em rela\u00e7\u00e3o a esse assunto. Eu n\u00e3o obtive ainda a resposta dele [Carvajal]. Nem o sim, nem um n\u00e3o.<\/p>\n\n\n\n<p>Apesar da repercuss\u00e3o internacional das acusa\u00e7\u00f5es, grandes ve\u00edculos da imprensa brasileira como CNN, O Globo e UOL deram vers\u00f5es distintas sobre o caso \u2014 algumas afirmando que Carvajal n\u00e3o mencionou Lula \u00e0 Justi\u00e7a dos EUA. Elisa contesta essas vers\u00f5es.<\/p>\n\n\n\n<p>\u2013 Isso n\u00e3o \u00e9 verdade. Eu falei diretamente com ele, e ele citou Lula nominalmente.<\/p>\n\n\n\n<p><strong>Confira:<\/strong><\/p>\n\n\n\n<figure class=\"wp-block-embed is-type-video is-provider-youtube wp-block-embed-youtube wp-embed-aspect-16-9 wp-has-aspect-ratio\"><div class=\"wp-block-embed__wrapper\">\n<iframe loading=\"lazy\" title=\"AS DEN\u00daNCIAS DE CARVAJAL QUE COMPROMETEM LULA | PLENO.NEWS\" width=\"630\" height=\"354\" src=\"https:\/\/www.youtube.com\/embed\/yOOIftJjVBQ?start=95&#038;feature=oembed\" frameborder=\"0\" allow=\"accelerometer; autoplay; clipboard-write; encrypted-media; gyroscope; picture-in-picture; web-share\" referrerpolicy=\"strict-origin-when-cross-origin\" allowfullscreen><\/iframe>\n<\/div><\/figure>\n","protected":false},"excerpt":{"rendered":"<p>O ex-diretor de intelig\u00eancia da Venezuela, Hugo Armando \u201cEl Pollo\u201d Carvajal, afirmou ter provas de que o presidente Luiz In\u00e1cio Lula da Silva (PT) integra uma rede de financiamento ilegal de campanhas pol\u00edticas em pa\u00edses da Am\u00e9rica Latina. A den\u00fancia foi revelada pela jornalista Elisa Robson, que afirma ter entrevistado Carvajal recentemente em Nova Iorque, [&hellip;]<\/p>\n","protected":false},"author":2,"featured_media":22515,"comment_status":"open","ping_status":"open","sticky":false,"template":"","format":"standard","meta":[],"categories":[4],"tags":[],"_links":{"self":[{"href":"https:\/\/dgospel.com.br\/portal\/index.php\/wp-json\/wp\/v2\/posts\/22514"}],"collection":[{"href":"https:\/\/dgospel.com.br\/portal\/index.php\/wp-json\/wp\/v2\/posts"}],"about":[{"href":"https:\/\/dgospel.com.br\/portal\/index.php\/wp-json\/wp\/v2\/types\/post"}],"author":[{"embeddable":true,"href":"https:\/\/dgospel.com.br\/portal\/index.php\/wp-json\/wp\/v2\/users\/2"}],"replies":[{"embeddable":true,"href":"https:\/\/dgospel.com.br\/portal\/index.php\/wp-json\/wp\/v2\/comments?post=22514"}],"version-history":[{"count":1,"href":"https:\/\/dgospel.com.br\/portal\/index.php\/wp-json\/wp\/v2\/posts\/22514\/revisions"}],"predecessor-version":[{"id":22516,"href":"https:\/\/dgospel.com.br\/portal\/index.php\/wp-json\/wp\/v2\/posts\/22514\/revisions\/22516"}],"wp:featuredmedia":[{"embeddable":true,"href":"https:\/\/dgospel.com.br\/portal\/index.php\/wp-json\/wp\/v2\/media\/22515"}],"wp:attachment":[{"href":"https:\/\/dgospel.com.br\/portal\/index.php\/wp-json\/wp\/v2\/media?parent=22514"}],"wp:term":[{"taxonomy":"category","embeddable":true,"href":"https:\/\/dgospel.com.br\/portal\/index.php\/wp-json\/wp\/v2\/categories?post=22514"},{"taxonomy":"post_tag","embeddable":true,"href":"https:\/\/dgospel.com.br\/portal\/index.php\/wp-json\/wp\/v2\/tags?post=22514"}],"curies":[{"name":"wp","href":"https:\/\/api.w.org\/{rel}","templated":true}]}}