{"id":22520,"date":"2025-11-04T12:14:44","date_gmt":"2025-11-04T15:14:44","guid":{"rendered":"https:\/\/dgospel.com.br\/portal\/?p=22520"},"modified":"2025-11-04T12:14:45","modified_gmt":"2025-11-04T15:14:45","slug":"mais-de-1-000-jovens-evangelizam-em-madri-e-dezenas-aceitam-jesus-vivemos-um-despertar","status":"publish","type":"post","link":"https:\/\/dgospel.com.br\/portal\/index.php\/2025\/11\/04\/mais-de-1-000-jovens-evangelizam-em-madri-e-dezenas-aceitam-jesus-vivemos-um-despertar\/","title":{"rendered":"Mais de 1.000 jovens evangelizam em Madri e dezenas aceitam Jesus: \u201cVivemos um despertar\u201d"},"content":{"rendered":"\n<p>Mais de 1.000 jovens da capital espanhola e de diversas prov\u00edncias do pa\u00eds se reuniram com o prop\u00f3sito de levar a \u201cluz do Evangelho\u201d \u00e0s ruas de&nbsp;<strong><a href=\"https:\/\/guiame.com.br\/gospel\/missoes-acao-social\/evangelista-prega-com-boia-nas-ruas-da-espanha-jesus-e-seu-salva-vidas.html\">Madri<\/a><\/strong>.<\/p>\n\n\n\n<p>O evento, organizado pelo movimento de jovens \u201cLumen Fest\u201d (Festival da Luz, em portugu\u00eas), come\u00e7ou \u00e0s 18h e se estendeu at\u00e9 cerca das 23h.<\/p>\n\n\n\n<p>Durante o encontro, realizado na noite de sexta-feira (31 de outubro, data em que se celebra o&nbsp;<strong><a href=\"https:\/\/guiame.com.br\/gospel\/noticias\/centenas-de-jovens-transformam-halloween-em-noite-de-louvor-em-praca-de-curitiba.html\">Halloween<\/a><\/strong>), os participantes se dividiram em grupos para evangelizar em locais ic\u00f4nicos da cidade, como Plaza de Espa\u00f1a, Plaza Mayor, Puerta del Sol, Callao e Chueca.<\/p>\n\n\n\n<p>\u00c0s 20h, todos os grupos se reuniram na Plaza de Espa\u00f1a para\u00a0<strong><a href=\"https:\/\/guiame.com.br\/gospel\/noticias\/evangelista-e-proibido-de-pregar-em-duas-regioes-da-inglaterra-nao-vou-parar.html\">proclamar o Evangelho<\/a><\/strong>\u00a0e adorar a Deus, em um momento de unidade que se tornou um testemunho p\u00fablico de f\u00e9.<\/p>\n\n\n\n<p>O resultado destacado pelos organizadores foi que 23 pessoas decidiram entregar as suas vidas a Jesus durante o encontro.<\/p>\n\n\n\n<p>\u201cO que vivemos nas ruas de Madri foi um despertar. Uma gera\u00e7\u00e3o se levantando com convic\u00e7\u00e3o, n\u00e3o por emo\u00e7\u00e3o. Porque quando a luz de Cristo se acende em uma cidade, as trevas recuam\u201d, escreveu a organiza\u00e7\u00e3o no Instagram.<\/p>\n\n\n\n<figure class=\"wp-block-image\"><img src=\"https:\/\/thumbor.guiame.com.br\/unsafe\/smart\/https:\/\/media.guiame.com.br\/archives\/2025\/11\/03\/2691630882-evangelismo-madri.png\" alt=\"\"\/><\/figure>\n\n\n\n<p><sup>Jovem fantasiado de diabo \u00e9 evangelizado. (Foto: Instagram\/ somoslumenfest)<\/sup><\/p>\n\n\n\n<p><strong>Unidade e evangeliza\u00e7\u00e3o<\/strong><\/p>\n\n\n\n<p>O movimento interdenominacional \u00e9 formado por jovens crist\u00e3os evang\u00e9licos na Espanha.<\/p>\n\n\n\n<p>Segundo a organiza\u00e7\u00e3o, o objetivo \u00e9 capacitar a juventude para o evangelismo e levar a mensagem do Evangelho \u00e0s ruas de Madri, tendo como vis\u00e3o expandir para outras prov\u00edncias do pa\u00eds.<\/p>\n\n\n\n<p>Dias antes da realiza\u00e7\u00e3o do \u201cLumen Fest\u201d aconteceram sess\u00f5es de treinamento em evangelismo e ora\u00e7\u00e3o, reunindo mais de 700 pessoas dedicadas \u00e0 intercess\u00e3o e mais de 800 dispostas a sair \u00e0s ruas para evangelizar.<\/p>\n\n\n\n<p>A organiza\u00e7\u00e3o do evento planeja novos encontros de evangeliza\u00e7\u00e3o em datas significativas para a sociedade, conduzidos por uma equipe formada por evangelistas, jovens pastores e influenciadores digitais.<\/p>\n\n\n\n<p><a href=\"https:\/\/www.instagram.com\/p\/DQjAJRpCI34\/?utm_source=ig_embed&amp;ig_rid=9c3fea24-491d-45b8-9088-0b5898077f03\">https:\/\/www.instagram.com\/p\/DQjAJRpCI34\/?utm_source=ig_embed&amp;ig_rid=9c3fea24-491d-45b8-9088-0b5898077f03<\/a><\/p>\n","protected":false},"excerpt":{"rendered":"<p>Mais de 1.000 jovens da capital espanhola e de diversas prov\u00edncias do pa\u00eds se reuniram com o prop\u00f3sito de levar a \u201cluz do Evangelho\u201d \u00e0s ruas de&nbsp;Madri. O evento, organizado pelo movimento de jovens \u201cLumen Fest\u201d (Festival da Luz, em portugu\u00eas), come\u00e7ou \u00e0s 18h e se estendeu at\u00e9 cerca das 23h. Durante o encontro, realizado [&hellip;]<\/p>\n","protected":false},"author":2,"featured_media":22521,"comment_status":"open","ping_status":"open","sticky":false,"template":"","format":"standard","meta":[],"categories":[12,16],"tags":[],"_links":{"self":[{"href":"https:\/\/dgospel.com.br\/portal\/index.php\/wp-json\/wp\/v2\/posts\/22520"}],"collection":[{"href":"https:\/\/dgospel.com.br\/portal\/index.php\/wp-json\/wp\/v2\/posts"}],"about":[{"href":"https:\/\/dgospel.com.br\/portal\/index.php\/wp-json\/wp\/v2\/types\/post"}],"author":[{"embeddable":true,"href":"https:\/\/dgospel.com.br\/portal\/index.php\/wp-json\/wp\/v2\/users\/2"}],"replies":[{"embeddable":true,"href":"https:\/\/dgospel.com.br\/portal\/index.php\/wp-json\/wp\/v2\/comments?post=22520"}],"version-history":[{"count":1,"href":"https:\/\/dgospel.com.br\/portal\/index.php\/wp-json\/wp\/v2\/posts\/22520\/revisions"}],"predecessor-version":[{"id":22522,"href":"https:\/\/dgospel.com.br\/portal\/index.php\/wp-json\/wp\/v2\/posts\/22520\/revisions\/22522"}],"wp:featuredmedia":[{"embeddable":true,"href":"https:\/\/dgospel.com.br\/portal\/index.php\/wp-json\/wp\/v2\/media\/22521"}],"wp:attachment":[{"href":"https:\/\/dgospel.com.br\/portal\/index.php\/wp-json\/wp\/v2\/media?parent=22520"}],"wp:term":[{"taxonomy":"category","embeddable":true,"href":"https:\/\/dgospel.com.br\/portal\/index.php\/wp-json\/wp\/v2\/categories?post=22520"},{"taxonomy":"post_tag","embeddable":true,"href":"https:\/\/dgospel.com.br\/portal\/index.php\/wp-json\/wp\/v2\/tags?post=22520"}],"curies":[{"name":"wp","href":"https:\/\/api.w.org\/{rel}","templated":true}]}}