{"id":22529,"date":"2025-11-05T15:54:39","date_gmt":"2025-11-05T18:54:39","guid":{"rendered":"https:\/\/dgospel.com.br\/portal\/?p=22529"},"modified":"2025-11-05T15:54:41","modified_gmt":"2025-11-05T18:54:41","slug":"hoje-e-um-dia-historico-para-a-educacao-tocantinense-afirma-deputado-gipao-apos-aprovacao-do-pccr-da-educacao","status":"publish","type":"post","link":"https:\/\/dgospel.com.br\/portal\/index.php\/2025\/11\/05\/hoje-e-um-dia-historico-para-a-educacao-tocantinense-afirma-deputado-gipao-apos-aprovacao-do-pccr-da-educacao\/","title":{"rendered":"\u201cHoje \u00e9 um dia hist\u00f3rico para a educa\u00e7\u00e3o tocantinense\u201d, afirma deputado Gip\u00e3o ap\u00f3s aprova\u00e7\u00e3o do PCCR da Educa\u00e7\u00e3o"},"content":{"rendered":"\n<blockquote class=\"wp-block-quote\"><p>\u201cHoje \u00e9 um dia hist\u00f3rico para a educa\u00e7\u00e3o tocantinense. Como membro titular da Comiss\u00e3o de Finan\u00e7as, tive a oportunidade de debater o PCCR com os colegas deputados e representantes da categoria, al\u00e9m de dar meu voto favor\u00e1vel. Lembro que, no ano passado, quando ainda era membro titular da Comiss\u00e3o de Constitui\u00e7\u00e3o, Justi\u00e7a e Reda\u00e7\u00e3o (CCJ), votei contra a reforma previdenci\u00e1ria dos servidores do Tocantins, pois identifiquei que os professores n\u00e3o estavam contemplados. Ap\u00f3s aquela vota\u00e7\u00e3o, a Mesa Diretora instituiu uma comiss\u00e3o para a elabora\u00e7\u00e3o do PCCR da Educa\u00e7\u00e3o. Hoje celebramos este resultado: foram dez anos sem avan\u00e7os estruturais na carreira e, finalmente, conseguimos dar esse passo t\u00e3o esperado pela categoria. Parabenizo nossos professores e trabalhadores da educa\u00e7\u00e3o, que lutaram, dialogaram e acreditaram. Esta conquista \u00e9 de voc\u00eas\u201d, destacou o deputado estadual Gip\u00e3o (PL).<\/p><\/blockquote>\n\n\n\n<p>Foram as palavras do parlamentar ao celebrar a aprova\u00e7\u00e3o definitiva do projeto pela Assembleia Legislativa, nesta ter\u00e7a-feira (04).<\/p>\n\n\n\n<h2>Titular da Comiss\u00e3o de Finan\u00e7as, Gip\u00e3o acompanhou de perto toda a tramita\u00e7\u00e3o do Plano de Cargos, Carreiras e Remunera\u00e7\u00e3o (PCCR) da Educa\u00e7\u00e3o Estadual e j\u00e1 havia votado favoravelmente \u00e0 mat\u00e9ria no \u00faltimo dia 22 de outubro, durante an\u00e1lise no colegiado.<\/h2>\n\n\n\n<p>Avan\u00e7o para o Tocantins<\/p>\n\n\n\n<p>A aprova\u00e7\u00e3o do PCCR reestrutura a carreira docente, amplia progress\u00f5es, valoriza os n\u00edveis de forma\u00e7\u00e3o \u2014 da gradua\u00e7\u00e3o ao doutorado \u2014 e reposiciona o Tocantins entre os estados com melhores pol\u00edticas de carreira para o magist\u00e9rio.<\/p>\n\n\n\n<h2>\u201cA educa\u00e7\u00e3o transforma vidas e constr\u00f3i futuro. Hoje, o Tocantins d\u00e1 um passo firme para valorizar quem ensina, quem forma e quem sustenta a educa\u00e7\u00e3o p\u00fablica do nosso estado. Quero tamb\u00e9m parabenizar o governador Laurez Moreira pela agilidade e sensibilidade ao encaminhar a mat\u00e9ria \u00e0 Assembleia, conduzindo o processo com responsabilidade e di\u00e1logo. Seguiremos trabalhando pelo respeito, dignidade e valoriza\u00e7\u00e3o dos nossos educadores\u201d, refor\u00e7ou Gip\u00e3o.<\/h2>\n\n\n\n<p>Aprimoramento garantido em substitutivo<\/p>\n\n\n\n<p>Embora o projeto ainda n\u00e3o contemple 100% das reivindica\u00e7\u00f5es, como a inclus\u00e3o de coordenadores e orientadores pedag\u00f3gicos na livre-doc\u00eancia, j\u00e1 existe compromisso firmado com a Casa Civil para envio de um substitutivo que garantir\u00e1 esse atendimento.<\/p>\n\n\n\n<blockquote class=\"wp-block-quote\"><p>\u201cSeguiremos atentos e empenhados para que ningu\u00e9m fique para tr\u00e1s. Nosso mandato \u00e9 parceiro da educa\u00e7\u00e3o e vamos acompanhar de perto para que essa atualiza\u00e7\u00e3o seja apresentada o mais breve poss\u00edvel.\u201d<\/p><\/blockquote>\n\n\n\n<p><\/p>\n","protected":false},"excerpt":{"rendered":"<p>\u201cHoje \u00e9 um dia hist\u00f3rico para a educa\u00e7\u00e3o tocantinense. Como membro titular da Comiss\u00e3o de Finan\u00e7as, tive a oportunidade de debater o PCCR com os colegas deputados e representantes da categoria, al\u00e9m de dar meu voto favor\u00e1vel. Lembro que, no ano passado, quando ainda era membro titular da Comiss\u00e3o de Constitui\u00e7\u00e3o, Justi\u00e7a e Reda\u00e7\u00e3o (CCJ), [&hellip;]<\/p>\n","protected":false},"author":2,"featured_media":22530,"comment_status":"open","ping_status":"open","sticky":false,"template":"","format":"standard","meta":[],"categories":[8],"tags":[],"_links":{"self":[{"href":"https:\/\/dgospel.com.br\/portal\/index.php\/wp-json\/wp\/v2\/posts\/22529"}],"collection":[{"href":"https:\/\/dgospel.com.br\/portal\/index.php\/wp-json\/wp\/v2\/posts"}],"about":[{"href":"https:\/\/dgospel.com.br\/portal\/index.php\/wp-json\/wp\/v2\/types\/post"}],"author":[{"embeddable":true,"href":"https:\/\/dgospel.com.br\/portal\/index.php\/wp-json\/wp\/v2\/users\/2"}],"replies":[{"embeddable":true,"href":"https:\/\/dgospel.com.br\/portal\/index.php\/wp-json\/wp\/v2\/comments?post=22529"}],"version-history":[{"count":1,"href":"https:\/\/dgospel.com.br\/portal\/index.php\/wp-json\/wp\/v2\/posts\/22529\/revisions"}],"predecessor-version":[{"id":22531,"href":"https:\/\/dgospel.com.br\/portal\/index.php\/wp-json\/wp\/v2\/posts\/22529\/revisions\/22531"}],"wp:featuredmedia":[{"embeddable":true,"href":"https:\/\/dgospel.com.br\/portal\/index.php\/wp-json\/wp\/v2\/media\/22530"}],"wp:attachment":[{"href":"https:\/\/dgospel.com.br\/portal\/index.php\/wp-json\/wp\/v2\/media?parent=22529"}],"wp:term":[{"taxonomy":"category","embeddable":true,"href":"https:\/\/dgospel.com.br\/portal\/index.php\/wp-json\/wp\/v2\/categories?post=22529"},{"taxonomy":"post_tag","embeddable":true,"href":"https:\/\/dgospel.com.br\/portal\/index.php\/wp-json\/wp\/v2\/tags?post=22529"}],"curies":[{"name":"wp","href":"https:\/\/api.w.org\/{rel}","templated":true}]}}