{"id":22532,"date":"2025-11-06T15:18:54","date_gmt":"2025-11-06T18:18:54","guid":{"rendered":"https:\/\/dgospel.com.br\/portal\/?p=22532"},"modified":"2025-11-06T15:18:55","modified_gmt":"2025-11-06T18:18:55","slug":"em-palmas-medicos-sao-capacitados-para-identificar-precocemente-sinais-de-transtornos-do-neurodesenvolvimento","status":"publish","type":"post","link":"https:\/\/dgospel.com.br\/portal\/index.php\/2025\/11\/06\/em-palmas-medicos-sao-capacitados-para-identificar-precocemente-sinais-de-transtornos-do-neurodesenvolvimento\/","title":{"rendered":"Em Palmas, m\u00e9dicos s\u00e3o capacitados para identificar precocemente sinais de transtornos do neurodesenvolvimento"},"content":{"rendered":"\n<p><strong>TEA E TDAH<br>Em Palmas, m\u00e9dicos s\u00e3o capacitados para identificar precocemente sinais de transtornos do neurodesenvolvimento<br><\/strong><em>Esta j\u00e1 \u00e9 a segunda turma da Aten\u00e7\u00e3o Prim\u00e1ria da rede municipal de sa\u00fade que passa por forma\u00e7\u00e3o<br><br><\/em>Na manh\u00e3 desta quinta-feira, 6, a Prefeitura de Palmas iniciou a forma\u00e7\u00e3o de m\u00e9dicos da Aten\u00e7\u00e3o Prim\u00e1ria da Secretaria Municipal da Sa\u00fade (Semus) para identifica\u00e7\u00e3o precoce de altera\u00e7\u00f5es do neurodesenvolvimento infantil. Esta j\u00e1 \u00e9 a&nbsp;<a href=\"https:\/\/www.palmas.to.gov.br\/medicos-de-palmas-sao-capacitados-para-a-identificacao-de-sinais-de-transtornos-do-neurodesenvolvimento\/\" target=\"_blank\" rel=\"noreferrer noopener\">segunda turma do ano<\/a>&nbsp;em que o foco da capacita\u00e7\u00e3o s\u00e3o os transtornos do espectro autista (TEA) e os transtornos do d\u00e9ficit de aten\u00e7\u00e3o com hiperatividade (TDAH). A programa\u00e7\u00e3o segue at\u00e9 o dia 14 de novembro na Escola de Sa\u00fade P\u00fablica de Palmas (ESPP).<\/p>\n\n\n\n<p>Com parte pr\u00e1tica e te\u00f3rica do conte\u00fado ofertado, a capacita\u00e7\u00e3o aborda os crit\u00e9rios do Manual Diagn\u00f3stico e Estat\u00edstico de Transtornos Mentais (DSM-5), reconhecimento de sinais cl\u00ednicos, diferen\u00e7a entre quadros t\u00edpicos e at\u00edpicos e a import\u00e2ncia da suspeita e encaminhamento precoce. O pediatra palestrante Jo\u00e3o Felipe Borges destaca que a forma\u00e7\u00e3o da rede permitir\u00e1 que as interven\u00e7\u00f5es em casos confirmados tenham mais resultados para o desenvolvimento da crian\u00e7a e do adolescente.<\/p>\n\n\n\n<p><strong>Mais assist\u00eancia<br><\/strong><br>Al\u00e9m de capacitar os profissionais, a gest\u00e3o tem avan\u00e7ado em outras frentes de atua\u00e7\u00e3o do TEA. Durante todo o m\u00eas de outubro, a Semus promoveu encontros de acolhimento de m\u00e3es at\u00edpicas para estreitar la\u00e7os e garantir escuta ativa, encaminhamentos adequados e organiza\u00e7\u00e3o das demandas em aberto, como consultas, exames e terapias espec\u00edficas. A \u00faltima reuni\u00e3o aconteceu na manh\u00e3 da \u00faltima segunda-feira, 3.<\/p>\n\n\n\n<p>No mesmo dia, no per\u00edodo da tarde, a Semus se reuniu com a Secretaria de Sa\u00fade do Estado do Tocantins (SES-TO) para ajustes no fluxo de encaminhamentos entre rede municipal e estadual e assist\u00eancia continuada. Para a superintendente de Integra\u00e7\u00e3o, Governan\u00e7a e Padroniza\u00e7\u00e3o na Sa\u00fade da Semus, Lauriane Moreira, a pasta est\u00e1 dando passos concretos para estrutura\u00e7\u00e3o da linha de cuidado. \u201cEstamos organizando os novos n\u00facleos de aten\u00e7\u00e3o e aprimorando fluxos e capacita\u00e7\u00f5es, para que as fam\u00edlias encontrem uma rede cada vez mais preparada e acolhedora.\u201d<\/p>\n","protected":false},"excerpt":{"rendered":"<p>TEA E TDAHEm Palmas, m\u00e9dicos s\u00e3o capacitados para identificar precocemente sinais de transtornos do neurodesenvolvimentoEsta j\u00e1 \u00e9 a segunda turma da Aten\u00e7\u00e3o Prim\u00e1ria da rede municipal de sa\u00fade que passa por forma\u00e7\u00e3o Na manh\u00e3 desta quinta-feira, 6, a Prefeitura de Palmas iniciou a forma\u00e7\u00e3o de m\u00e9dicos da Aten\u00e7\u00e3o Prim\u00e1ria da Secretaria Municipal da Sa\u00fade (Semus) [&hellip;]<\/p>\n","protected":false},"author":2,"featured_media":22533,"comment_status":"open","ping_status":"open","sticky":false,"template":"","format":"standard","meta":[],"categories":[3],"tags":[13],"_links":{"self":[{"href":"https:\/\/dgospel.com.br\/portal\/index.php\/wp-json\/wp\/v2\/posts\/22532"}],"collection":[{"href":"https:\/\/dgospel.com.br\/portal\/index.php\/wp-json\/wp\/v2\/posts"}],"about":[{"href":"https:\/\/dgospel.com.br\/portal\/index.php\/wp-json\/wp\/v2\/types\/post"}],"author":[{"embeddable":true,"href":"https:\/\/dgospel.com.br\/portal\/index.php\/wp-json\/wp\/v2\/users\/2"}],"replies":[{"embeddable":true,"href":"https:\/\/dgospel.com.br\/portal\/index.php\/wp-json\/wp\/v2\/comments?post=22532"}],"version-history":[{"count":1,"href":"https:\/\/dgospel.com.br\/portal\/index.php\/wp-json\/wp\/v2\/posts\/22532\/revisions"}],"predecessor-version":[{"id":22534,"href":"https:\/\/dgospel.com.br\/portal\/index.php\/wp-json\/wp\/v2\/posts\/22532\/revisions\/22534"}],"wp:featuredmedia":[{"embeddable":true,"href":"https:\/\/dgospel.com.br\/portal\/index.php\/wp-json\/wp\/v2\/media\/22533"}],"wp:attachment":[{"href":"https:\/\/dgospel.com.br\/portal\/index.php\/wp-json\/wp\/v2\/media?parent=22532"}],"wp:term":[{"taxonomy":"category","embeddable":true,"href":"https:\/\/dgospel.com.br\/portal\/index.php\/wp-json\/wp\/v2\/categories?post=22532"},{"taxonomy":"post_tag","embeddable":true,"href":"https:\/\/dgospel.com.br\/portal\/index.php\/wp-json\/wp\/v2\/tags?post=22532"}],"curies":[{"name":"wp","href":"https:\/\/api.w.org\/{rel}","templated":true}]}}