{"id":22535,"date":"2025-11-06T15:23:39","date_gmt":"2025-11-06T18:23:39","guid":{"rendered":"https:\/\/dgospel.com.br\/portal\/?p=22535"},"modified":"2025-11-06T15:23:40","modified_gmt":"2025-11-06T18:23:40","slug":"gastos-detalhados-de-lula-e-janja-com-iate-no-para-ficam-em-sigilo","status":"publish","type":"post","link":"https:\/\/dgospel.com.br\/portal\/index.php\/2025\/11\/06\/gastos-detalhados-de-lula-e-janja-com-iate-no-para-ficam-em-sigilo\/","title":{"rendered":"Gastos detalhados de Lula e Janja com iate no Par\u00e1 ficam em sigilo"},"content":{"rendered":"\n<p>A embarca\u00e7\u00e3o Iana III, usada pelo presidente&nbsp;<a href=\"http:\/\/pleno.news\/tag\/lula\" target=\"_blank\" rel=\"noreferrer noopener\">Luiz In\u00e1cio Lula da Silva<\/a>&nbsp;(PT) e pela primeira-dama Janja durante a estadia em&nbsp;<a href=\"http:\/\/pleno.news\/tag\/belem\" target=\"_blank\" rel=\"noreferrer noopener\">Bel\u00e9m<\/a>&nbsp;(PA) nos preparativos para a COP30, transformou-se no mais recente foco de questionamentos sobre transpar\u00eancia nos gastos p\u00fablicos. A raz\u00e3o para isso est\u00e1 no fato de que n\u00e3o h\u00e1 muitos detalhes sobre o contrato de aluguel do iate, que foi firmado com uma empresa de Manaus (AM).<\/p>\n\n\n\n<p>Segundo a Presid\u00eancia, a di\u00e1ria da embarca\u00e7\u00e3o foi negociada por cerca de R$ 2,7 mil por pessoa, o que representa um custo m\u00ednimo de R$ 5,4 mil, considerando apenas Lula e Janja. N\u00e3o h\u00e1, por\u00e9m, dados oficiais sobre quantos integrantes da equipe tamb\u00e9m ficaram hospedados na embarca\u00e7\u00e3o nem sobre eventuais custos adicionais de opera\u00e7\u00e3o e log\u00edstica que poderiam fazer parte do contrato.<\/p>\n\n\n\n<p>Com mais de dez camarotes, sala de jantar, solarium e deck, o Iana III oferece estrutura confort\u00e1vel e j\u00e1 foi utilizado por \u00f3rg\u00e3os p\u00fablicos do Amazonas e empresas privadas. Al\u00e9m dos custos, outro questionamento em rela\u00e7\u00e3o ao iate est\u00e1 na incoer\u00eancia em rela\u00e7\u00e3o ao discurso de sustentabilidade adotado pelo petista. Uma apura\u00e7\u00e3o do site Plat\u00f4BR apontou que o Iana III consome de 120 a 150 litros de diesel por hora.<\/p>\n\n\n\n<p>Aliado a isso, n\u00e3o h\u00e1 registro do governo sobre medidas de compensa\u00e7\u00e3o ambiental pelas emiss\u00f5es geradas durante a viagem presidencial. Al\u00e9m do fretamento do Iana III, o governo tamb\u00e9m custeia embarca\u00e7\u00f5es auxiliares e navios de apoio que fazem o deslocamento da comitiva por \u00e1reas onde o iate n\u00e3o pode navegar, devido \u00e0 profundidade dos rios da regi\u00e3o.<\/p>\n","protected":false},"excerpt":{"rendered":"<p>A embarca\u00e7\u00e3o Iana III, usada pelo presidente&nbsp;Luiz In\u00e1cio Lula da Silva&nbsp;(PT) e pela primeira-dama Janja durante a estadia em&nbsp;Bel\u00e9m&nbsp;(PA) nos preparativos para a COP30, transformou-se no mais recente foco de questionamentos sobre transpar\u00eancia nos gastos p\u00fablicos. A raz\u00e3o para isso est\u00e1 no fato de que n\u00e3o h\u00e1 muitos detalhes sobre o contrato de aluguel do [&hellip;]<\/p>\n","protected":false},"author":2,"featured_media":22536,"comment_status":"open","ping_status":"open","sticky":false,"template":"","format":"standard","meta":[],"categories":[10],"tags":[13],"_links":{"self":[{"href":"https:\/\/dgospel.com.br\/portal\/index.php\/wp-json\/wp\/v2\/posts\/22535"}],"collection":[{"href":"https:\/\/dgospel.com.br\/portal\/index.php\/wp-json\/wp\/v2\/posts"}],"about":[{"href":"https:\/\/dgospel.com.br\/portal\/index.php\/wp-json\/wp\/v2\/types\/post"}],"author":[{"embeddable":true,"href":"https:\/\/dgospel.com.br\/portal\/index.php\/wp-json\/wp\/v2\/users\/2"}],"replies":[{"embeddable":true,"href":"https:\/\/dgospel.com.br\/portal\/index.php\/wp-json\/wp\/v2\/comments?post=22535"}],"version-history":[{"count":1,"href":"https:\/\/dgospel.com.br\/portal\/index.php\/wp-json\/wp\/v2\/posts\/22535\/revisions"}],"predecessor-version":[{"id":22537,"href":"https:\/\/dgospel.com.br\/portal\/index.php\/wp-json\/wp\/v2\/posts\/22535\/revisions\/22537"}],"wp:featuredmedia":[{"embeddable":true,"href":"https:\/\/dgospel.com.br\/portal\/index.php\/wp-json\/wp\/v2\/media\/22536"}],"wp:attachment":[{"href":"https:\/\/dgospel.com.br\/portal\/index.php\/wp-json\/wp\/v2\/media?parent=22535"}],"wp:term":[{"taxonomy":"category","embeddable":true,"href":"https:\/\/dgospel.com.br\/portal\/index.php\/wp-json\/wp\/v2\/categories?post=22535"},{"taxonomy":"post_tag","embeddable":true,"href":"https:\/\/dgospel.com.br\/portal\/index.php\/wp-json\/wp\/v2\/tags?post=22535"}],"curies":[{"name":"wp","href":"https:\/\/api.w.org\/{rel}","templated":true}]}}