{"id":22538,"date":"2025-11-06T15:27:51","date_gmt":"2025-11-06T18:27:51","guid":{"rendered":"https:\/\/dgospel.com.br\/portal\/?p=22538"},"modified":"2025-11-06T15:27:52","modified_gmt":"2025-11-06T18:27:52","slug":"camara-aprova-ampliacao-da-licenca-paternidade-para-20-dias","status":"publish","type":"post","link":"https:\/\/dgospel.com.br\/portal\/index.php\/2025\/11\/06\/camara-aprova-ampliacao-da-licenca-paternidade-para-20-dias\/","title":{"rendered":"C\u00e2mara aprova amplia\u00e7\u00e3o da licen\u00e7a-paternidade para 20 dias"},"content":{"rendered":"\n<p>A C\u00e2mara dos Deputados aprovou nesta ter\u00e7a-feira (4) o projeto de lei que amplia de cinco para 20 dias a licen\u00e7a-paternidade no pa\u00eds. O benef\u00edcio ser\u00e1 aplicado de forma gradual ao longo de quatro anos e retorna agora ao Senado, por ter sido alterado pelos deputados.<\/p>\n\n\n\n<p>O relator da proposta, deputado Pedro Campos (PSB-PE), afirmou que a medida refor\u00e7a o papel da fam\u00edlia e o envolvimento dos pais nos primeiros dias de vida da crian\u00e7a.<\/p>\n\n\n\n<p>\u2013 Entre os primeiros gestos de um Estado verdadeiramente humano est\u00e1 o de permitir que pais e m\u00e3es possam acompanhar, de forma plena, o nascimento e os primeiros dias de seus filhos \u2013 declarou.<\/p>\n\n\n\n<p>Campos explicou que o texto original previa 30 dias de licen\u00e7a, mas o prazo foi reduzido ap\u00f3s negocia\u00e7\u00f5es em plen\u00e1rio por causa do impacto fiscal. O relator tamb\u00e9m incluiu uma regra que condiciona o in\u00edcio dos 20 dias de licen\u00e7a ao cumprimento da meta fiscal do governo no segundo ano de vig\u00eancia da lei.<\/p>\n\n\n\n<p>A deputada Bia Kicis (PL-DF) destacou a import\u00e2ncia do texto para as fam\u00edlias.<\/p>\n\n\n\n<p>\u2013 N\u00f3s ficamos ao lado das crian\u00e7as, da fam\u00edlia. Este projeto \u00e9 muito importante \u2013 afirmou.<\/p>\n\n\n\n<p>Quem tamb\u00e9m apoiou o projeto foi a deputada Chris Tonietto (PL-RJ) que elogiou a iniciativa, afirmando que a amplia\u00e7\u00e3o \u00e9 mais que um benef\u00edcio:<\/p>\n\n\n\n<p>\u2013 \u00c9 um investimento na fam\u00edlia e na presen\u00e7a paterna.<\/p>\n\n\n\n<p>Durante o debate, o deputado Marcel van Hattem (Novo-RS), alertou que a proposta pode trazer efeitos negativos para a economia.<\/p>\n\n\n\n<p>\u2013 Haver\u00e1 amplia\u00e7\u00e3o de licen\u00e7as obrigat\u00f3rias, reduzindo margens de negocia\u00e7\u00e3o e afetando especialmente as pequenas empresas, que t\u00eam menos condi\u00e7\u00f5es de arcar com mudan\u00e7as abruptas na legisla\u00e7\u00e3o \u2013 disse.<\/p>\n\n\n\n<p>O projeto prev\u00ea que, com o aumento do per\u00edodo, a Previd\u00eancia Social passe a bancar o sal\u00e1rio-paternidade, com compensa\u00e7\u00f5es \u00e0s empresas no recolhimento de tributos. A medida tamb\u00e9m cria prote\u00e7\u00e3o contra demiss\u00e3o sem justa causa durante e at\u00e9 um m\u00eas ap\u00f3s o t\u00e9rmino da licen\u00e7a.<\/p>\n","protected":false},"excerpt":{"rendered":"<p>A C\u00e2mara dos Deputados aprovou nesta ter\u00e7a-feira (4) o projeto de lei que amplia de cinco para 20 dias a licen\u00e7a-paternidade no pa\u00eds. O benef\u00edcio ser\u00e1 aplicado de forma gradual ao longo de quatro anos e retorna agora ao Senado, por ter sido alterado pelos deputados. O relator da proposta, deputado Pedro Campos (PSB-PE), afirmou [&hellip;]<\/p>\n","protected":false},"author":2,"featured_media":22539,"comment_status":"open","ping_status":"open","sticky":false,"template":"","format":"standard","meta":[],"categories":[4],"tags":[13],"_links":{"self":[{"href":"https:\/\/dgospel.com.br\/portal\/index.php\/wp-json\/wp\/v2\/posts\/22538"}],"collection":[{"href":"https:\/\/dgospel.com.br\/portal\/index.php\/wp-json\/wp\/v2\/posts"}],"about":[{"href":"https:\/\/dgospel.com.br\/portal\/index.php\/wp-json\/wp\/v2\/types\/post"}],"author":[{"embeddable":true,"href":"https:\/\/dgospel.com.br\/portal\/index.php\/wp-json\/wp\/v2\/users\/2"}],"replies":[{"embeddable":true,"href":"https:\/\/dgospel.com.br\/portal\/index.php\/wp-json\/wp\/v2\/comments?post=22538"}],"version-history":[{"count":1,"href":"https:\/\/dgospel.com.br\/portal\/index.php\/wp-json\/wp\/v2\/posts\/22538\/revisions"}],"predecessor-version":[{"id":22540,"href":"https:\/\/dgospel.com.br\/portal\/index.php\/wp-json\/wp\/v2\/posts\/22538\/revisions\/22540"}],"wp:featuredmedia":[{"embeddable":true,"href":"https:\/\/dgospel.com.br\/portal\/index.php\/wp-json\/wp\/v2\/media\/22539"}],"wp:attachment":[{"href":"https:\/\/dgospel.com.br\/portal\/index.php\/wp-json\/wp\/v2\/media?parent=22538"}],"wp:term":[{"taxonomy":"category","embeddable":true,"href":"https:\/\/dgospel.com.br\/portal\/index.php\/wp-json\/wp\/v2\/categories?post=22538"},{"taxonomy":"post_tag","embeddable":true,"href":"https:\/\/dgospel.com.br\/portal\/index.php\/wp-json\/wp\/v2\/tags?post=22538"}],"curies":[{"name":"wp","href":"https:\/\/api.w.org\/{rel}","templated":true}]}}