{"id":2254,"date":"2019-01-09T10:35:17","date_gmt":"2019-01-09T12:35:17","guid":{"rendered":"http:\/\/dgospel.com.br\/portal\/?p=2254"},"modified":"2019-01-09T10:35:17","modified_gmt":"2019-01-09T12:35:17","slug":"indigenas-que-se-declaram-evangelicos-aumentam-para-32-segundo-ibge","status":"publish","type":"post","link":"https:\/\/dgospel.com.br\/portal\/index.php\/2019\/01\/09\/indigenas-que-se-declaram-evangelicos-aumentam-para-32-segundo-ibge\/","title":{"rendered":"Ind\u00edgenas que se declaram evang\u00e9licos aumentam para 32%, segundo IBGE"},"content":{"rendered":"<p>Por causa dos esfor\u00e7os mission\u00e1rios, cada vez mais ind\u00edgenas t\u00eam tido\u00a0<a href=\"https:\/\/guiame.com.br\/gospel\/missoes-acao-social\/mais-de-400-indios-se-converteram-apos-ouvir-o-evangelho-pela-primeira-vez-na-amazonia.html\"><strong>contado com o Evangelho<\/strong><\/a>. A porcentagem de ind\u00edgenas que se declaram evang\u00e9licos saltou de 14% em 1991 para 25% em 2010, acima dos brasileiros em geral, segundo o IBGE. Em 2018, pesquisa Datafolha apontou uma propor\u00e7\u00e3o de 32%.<\/p>\n<p>De acordo com o Conplei (Conselho Nacional de Pastores e L\u00edderes Evang\u00e9licos Ind\u00edgenas), houve tr\u00eas ondas mission\u00e1rias nas tribos ind\u00edgenas. Na primeira, estrangeiros evangelizaram ind\u00edgenas, com in\u00edcio na d\u00e9cada de 1910. Na segunda, brasileiros evangelizaram ind\u00edgenas, com in\u00edcio nos anos 1950. E na terceira, os pr\u00f3prios \u00edndios buscaram evangelizar seus \u201cpatr\u00edcios\u201d (outros \u00edndios).<\/p>\n<p>O conceito das ondas mission\u00e1rias \u00e9 questionado por parte dos pesquisadores, te\u00f3logos e at\u00e9 mesmo \u00edndios convertidos ao cristianismo, j\u00e1 que a pr\u00e1tica j\u00e1 acontece h\u00e1 mais de 40 anos de maneira pulverizada.<\/p>\n<p>Por tr\u00e1s do aumento de \u00edndios crist\u00e3os est\u00e1 um debate antigo, que voltou \u00e0 tona com a elei\u00e7\u00e3o do presidente Jair Bolsonaro e a nomea\u00e7\u00e3o da pastora Damares Alves como ministra da Mulher, Fam\u00edlia e Direitos Humanos, que agora abriga a Funai (Funda\u00e7\u00e3o Nacional do \u00cdndio).<\/p>\n<p><strong>Nova estrat\u00e9gia de evangelismo<\/strong><\/p>\n<p>A Funai\u00a0<a href=\"https:\/\/guiame.com.br\/gospel\/missoes-acao-social\/missionario-e-interrogado-pela-funai-apos-entrar-em-terra-de-indios-isolados.html\"><strong>n\u00e3o autoriza a evangeliza\u00e7\u00e3o de tribos isoladas<\/strong><\/a>, o que pode ser revertido no novo governo. Diante da atual restri\u00e7\u00e3o, organiza\u00e7\u00f5es como o Conplei e a AMTB (Associa\u00e7\u00e3o de Miss\u00f5es Transculturais Brasileiras) prop\u00f5em a lideran\u00e7a dos \u00edndios como nova estrat\u00e9gia para levar o Evangelho \u00e0s 102 etnias n\u00e3o alcan\u00e7adas no pa\u00eds, segundo estimativas.<\/p>\n<p>\u201cA pessoa que est\u00e1 no contexto \u00e9 a melhor pe\u00e7a para fazer esse trabalho\u201d, disse o pastor sul-coreano Joshua Chang, 53 anos, \u00e0 Folha de S. Paulo. Chang faz parte do Conplei e est\u00e1 \u00e0 frente do projeto Green Window, que pretende alcan\u00e7ar 200 povos isolados localizados na \u201cjanela verde\u201d \u2014 regi\u00e3o da linha do Equador com florestas tropicais.<\/p>\n<p>\u201cAssim, as tr\u00eas ondas, estrangeira, nacional e ind\u00edgena, chegariam juntas com a for\u00e7a de um tsunami espiritual para que a mensagem salv\u00edfica do Evangelho chegue at\u00e9 aqueles que vivem em lugares distantes e restritos\u201d, diz um livro de apresenta\u00e7\u00e3o do Conplei.<\/p>\n<p>\u201cA rela\u00e7\u00e3o do \u00edndio com o \u00edndio \u00e9 bem mais aberta. Com o n\u00e3o \u00edndio, precisamos primeiro fazer uma leitura da pessoa\u201d, disse o pastor Edimar Pereira, 40 anos, que lidera uma igreja na aldeia C\u00f3rrego do Meio (a uma hora de Campo Grande), onde 90% dos cerca de 500 \u00edndios terenas s\u00e3o crist\u00e3os.<\/p>\n<p>Na mesma regi\u00e3o est\u00e1 localizado o Instituto B\u00edblico Cades Barn\u00e9ia, a primeira institui\u00e7\u00e3o com foco no preparo de l\u00edderes ind\u00edgenas evang\u00e9licos. Sob dire\u00e7\u00e3o de \u00edndios desde 1980, o instituto oferece ensinamentos b\u00edblicos e mission\u00e1rios aos jovens.<\/p>\n<p><strong>Preparo b\u00edblico<\/strong><\/p>\n<p>O instituto pertence \u00e0 Uniedas (Uni\u00e3o de Igrejas Evang\u00e9licas), formada apenas por pastores ind\u00edgenas e pioneira em envi\u00e1-los \u00e0s miss\u00f5es. S\u00e3o tr\u00eas anos de curso te\u00f3rico e pr\u00e1tico, o que inclui idas peri\u00f3dicas a outras aldeias, al\u00e9m de treinamentos de ind\u00edgenas tradutores da B\u00edblia \u2014 segundo a AMTB, 58 de 181 l\u00ednguas tinham tradu\u00e7\u00f5es das Escrituras em 2010.<\/p>\n<p>As igrejas defendem que as miss\u00f5es levam \u00e0s aldeias servi\u00e7os de educa\u00e7\u00e3o e sa\u00fade , al\u00e9m de ajudar a preservar a l\u00edngua e a cultura desses povos, muitas vezes j\u00e1 prejudicadas pelo contato com as cidades.<\/p>\n<p>\u201cNa cultura ind\u00edgena, o Evangelho vem para valorizar a pessoa, tirar coisas que entraram de fora como o \u00e1lcool e as drogas e refor\u00e7ar a cultura inicial, que \u00e9 de uma fam\u00edlia bem estabelecida\u201d, esclareceu o pastor Juliano Modolo.<\/p>\n<p>\u201cEu sempre fui e continuo sendo \u00edndio, vivendo da mesma forma\u201d, disse o pastor Jonas Reginaldo, que lidera h\u00e1 34 anos a igreja da aldeia Lim\u00e3o Verde (a 2h30 de Campo Grande). \u201cApresentar o Evangelho \u00e9 um risco para a sociedade ind\u00edgena, mas ter uma antena parab\u00f3lica, n\u00e3o?\u201d, questiona o pastor Edimar.<\/p>\n<p>&nbsp;<\/p>\n<p>FONTE: GUIAME, COM INFORMA\u00c7\u00d5ES DA FOLHA DE S. PAULO<\/p>\n","protected":false},"excerpt":{"rendered":"<p>Por causa dos esfor\u00e7os mission\u00e1rios, cada vez mais ind\u00edgenas t\u00eam tido\u00a0contado com o Evangelho. A porcentagem de ind\u00edgenas que se declaram evang\u00e9licos saltou de 14% em 1991 para 25% em 2010, acima dos brasileiros em geral, segundo o IBGE. Em 2018, pesquisa Datafolha apontou uma propor\u00e7\u00e3o de 32%. De acordo com o Conplei (Conselho Nacional [&hellip;]<\/p>\n","protected":false},"author":2,"featured_media":2255,"comment_status":"open","ping_status":"open","sticky":false,"template":"","format":"standard","meta":[],"categories":[2,5,6],"tags":[],"_links":{"self":[{"href":"https:\/\/dgospel.com.br\/portal\/index.php\/wp-json\/wp\/v2\/posts\/2254"}],"collection":[{"href":"https:\/\/dgospel.com.br\/portal\/index.php\/wp-json\/wp\/v2\/posts"}],"about":[{"href":"https:\/\/dgospel.com.br\/portal\/index.php\/wp-json\/wp\/v2\/types\/post"}],"author":[{"embeddable":true,"href":"https:\/\/dgospel.com.br\/portal\/index.php\/wp-json\/wp\/v2\/users\/2"}],"replies":[{"embeddable":true,"href":"https:\/\/dgospel.com.br\/portal\/index.php\/wp-json\/wp\/v2\/comments?post=2254"}],"version-history":[{"count":1,"href":"https:\/\/dgospel.com.br\/portal\/index.php\/wp-json\/wp\/v2\/posts\/2254\/revisions"}],"predecessor-version":[{"id":2256,"href":"https:\/\/dgospel.com.br\/portal\/index.php\/wp-json\/wp\/v2\/posts\/2254\/revisions\/2256"}],"wp:featuredmedia":[{"embeddable":true,"href":"https:\/\/dgospel.com.br\/portal\/index.php\/wp-json\/wp\/v2\/media\/2255"}],"wp:attachment":[{"href":"https:\/\/dgospel.com.br\/portal\/index.php\/wp-json\/wp\/v2\/media?parent=2254"}],"wp:term":[{"taxonomy":"category","embeddable":true,"href":"https:\/\/dgospel.com.br\/portal\/index.php\/wp-json\/wp\/v2\/categories?post=2254"},{"taxonomy":"post_tag","embeddable":true,"href":"https:\/\/dgospel.com.br\/portal\/index.php\/wp-json\/wp\/v2\/tags?post=2254"}],"curies":[{"name":"wp","href":"https:\/\/api.w.org\/{rel}","templated":true}]}}