{"id":22541,"date":"2025-11-06T15:32:02","date_gmt":"2025-11-06T18:32:02","guid":{"rendered":"https:\/\/dgospel.com.br\/portal\/?p=22541"},"modified":"2025-11-06T15:32:03","modified_gmt":"2025-11-06T18:32:03","slug":"secom-encomenda-pesquisa-e-resultado-mostra-aumento-da-rejeicao-a-lula","status":"publish","type":"post","link":"https:\/\/dgospel.com.br\/portal\/index.php\/2025\/11\/06\/secom-encomenda-pesquisa-e-resultado-mostra-aumento-da-rejeicao-a-lula\/","title":{"rendered":"SECOM encomenda pesquisa e resultado mostra aumento da rejei\u00e7\u00e3o a Lula"},"content":{"rendered":"\n<p>Um novo levantamento encomendado pela Secretaria de Comunica\u00e7\u00e3o Social (Secom) da Presid\u00eancia da Rep\u00fablica acendeu o sinal amarelo no Pal\u00e1cio do Planalto. Realizada entre sexta-feira (1\u00ba) e segunda-feira (4), a pesquisa ouviu 2.803 pessoas por telefone e revelou que a popularidade do presidente Luiz In\u00e1cio Lula da Silva (PT) voltou a cair, acompanhada por uma percep\u00e7\u00e3o negativa do governo diante da megaopera\u00e7\u00e3o policial no Rio de Janeiro.<\/p>\n\n\n\n<p>De acordo com os n\u00fameros, o governo Lula \u00e9 avaliado como&nbsp;<strong>\u201c\u00f3timo ou bom\u201d por 34% dos entrevistados<\/strong>,&nbsp;<strong>\u201cregular\u201d por 19%<\/strong>, e&nbsp;<strong>\u201cruim ou p\u00e9ssimo\u201d por 44%<\/strong>. Trata-se do&nbsp;<strong>segundo recuo consecutivo<\/strong>&nbsp;desde setembro e uma&nbsp;<strong>volta ao patamar de agosto<\/strong>, anulando a leve recupera\u00e7\u00e3o registrada anteriormente.<\/p>\n\n\n\n<p>A pesquisa, que chegou \u00e0s m\u00e3os do pr\u00f3prio presidente na noite de segunda-feira, traz ainda&nbsp;<strong>resultados preocupantes sobre a percep\u00e7\u00e3o p\u00fablica da atua\u00e7\u00e3o do governo na crise de seguran\u00e7a p\u00fablica no Rio de Janeiro<\/strong>. A opera\u00e7\u00e3o policial que deixou&nbsp;<strong>121 mortos<\/strong>, incluindo quatro policiais, teve&nbsp;<strong>repercuss\u00e3o quase un\u00e2nime<\/strong>: 98% dos brasileiros disseram ter tomado conhecimento da a\u00e7\u00e3o \u2014 no estado do Rio, esse n\u00famero chegou a 100%.<\/p>\n\n\n\n<p>O resultado, por\u00e9m,&nbsp;<strong>n\u00e3o favoreceu o Planalto<\/strong>. O desempenho de Lula diante da crise foi classificado como&nbsp;<strong>\u201cruim\/p\u00e9ssimo\u201d por 45%<\/strong>,&nbsp;<strong>\u201cregular\u201d por 26%<\/strong>&nbsp;e&nbsp;<strong>\u201c\u00f3timo\/bom\u201d por apenas 21%<\/strong>. J\u00e1 a atua\u00e7\u00e3o do governo federal, de forma geral, foi considerada&nbsp;<strong>\u201cruim\/p\u00e9ssima\u201d por 39%<\/strong>&nbsp;dos entrevistados.<\/p>\n\n\n\n<p>Em contrapartida, a opera\u00e7\u00e3o conduzida pelo governo de Cl\u00e1udio Castro (PL) recebeu&nbsp;<strong>apoio de 72% dos brasileiros<\/strong>. No estado do Rio de Janeiro, o apoio foi ainda maior: 73%. Para&nbsp;<strong>46%<\/strong>, a opera\u00e7\u00e3o foi \u201cnecess\u00e1ria e positiva\u201d;&nbsp;<strong>18%<\/strong>&nbsp;consideraram \u201cnecess\u00e1ria, mas violenta\u201d; apenas&nbsp;<strong>6%<\/strong>&nbsp;a avaliaram como \u201cdesnecess\u00e1ria\u201d, e&nbsp;<strong>24%<\/strong>&nbsp;apontaram \u201cfalta de planejamento ou intelig\u00eancia\u201d.<\/p>\n\n\n\n<p>Apesar disso, Lula decidiu&nbsp;<strong>mudar de tom nesta semana<\/strong>. Ap\u00f3s manter cautela nos primeiros dias, passou a adotar uma postura cr\u00edtica, classificando a a\u00e7\u00e3o como uma \u201cmatan\u00e7a\u201d e refor\u00e7ando suspeitas de abusos.&nbsp;<strong>Trata-se de uma aposta pol\u00edtica de longo prazo<\/strong>, avaliam auxiliares palacianos: o governo federal aposta que investiga\u00e7\u00f5es futuras e a continuidade da presen\u00e7a do crime organizado nos territ\u00f3rios v\u00e3o corroer o apoio popular \u00e0 opera\u00e7\u00e3o.<\/p>\n\n\n\n<p><strong>Uma das perguntas do tracking ajuda a explicar essa estrat\u00e9gia:<\/strong><\/p>\n\n\n\n<blockquote class=\"wp-block-quote\"><p>\u201cO n\u00famero de mortes revela\u201d:<br>\u2013&nbsp;<strong>Um reflexo do combate ao crime<\/strong>: 49%<br>\u2013&nbsp;<strong>Um exagero que mostra falta de planejamento<\/strong>: 43%<\/p><\/blockquote>\n\n\n\n<p>Embora o apoio \u00e0 opera\u00e7\u00e3o seja majorit\u00e1rio,&nbsp;<strong>a divis\u00e3o de percep\u00e7\u00e3o sobre a letalidade da a\u00e7\u00e3o sugere margem para mudan\u00e7a de opini\u00e3o p\u00fablica ao longo do tempo<\/strong>, especialmente se surgirem den\u00fancias formais de abusos.<ins><\/ins><\/p>\n\n\n\n<p>Outro dado da pesquisa que&nbsp;<strong>inquietou o Planalto<\/strong>&nbsp;\u00e9 a&nbsp;<strong>percep\u00e7\u00e3o de responsabilidade no combate \u00e0s fac\u00e7\u00f5es criminosas<\/strong>:<br>\u2013&nbsp;<strong>56% dos entrevistados acreditam que cabe ao governo federal resolver o problema da viol\u00eancia no Rio<\/strong>,<br>\u2013 apenas&nbsp;<strong>29% atribuem a responsabilidade ao governo estadual<\/strong><br>\u2013 e&nbsp;<strong>14% n\u00e3o souberam responder<\/strong>.<\/p>\n\n\n\n<p><strong>A preocupa\u00e7\u00e3o com o envolvimento do governo na crise \u00e9 baixa entre os entrevistados:<\/strong><\/p>\n\n\n\n<blockquote class=\"wp-block-quote\"><p>\u201cO governo Lula est\u00e1 preocupado em resolver o problema do Rio?\u201d<br>\u2013&nbsp;<strong>Muito preocupado<\/strong>: 13%<br>\u2013&nbsp;<strong>Preocupado<\/strong>: 17%<br>\u2013&nbsp;<strong>Mais ou menos preocupado<\/strong>: 17%<br>\u2013&nbsp;<strong>Pouco preocupado<\/strong>: 20%<br>\u2013&nbsp;<strong>Nada preocupado<\/strong>: 29%<\/p><\/blockquote>\n\n\n\n<p>Diante desses n\u00fameros,&nbsp;<strong>a Secom e auxiliares de Lula estudam ajustes na estrat\u00e9gia de comunica\u00e7\u00e3o<\/strong>, sobretudo para tentar reduzir o impacto negativo da percep\u00e7\u00e3o de ina\u00e7\u00e3o federal na seguran\u00e7a p\u00fablica. A avalia\u00e7\u00e3o interna \u00e9 de que&nbsp;<strong>qualquer omiss\u00e3o pode ser explorada eleitoralmente<\/strong>, e o governo precisa encontrar um equil\u00edbrio entre defender os direitos humanos e responder \u00e0 demanda popular por firmeza no combate ao crime.<\/p>\n\n\n\n<p>Por ora, o Planalto aposta no tempo \u2014 e na possibilidade de que&nbsp;<strong>o mesmo epis\u00f3dio que hoje impulsiona a imagem de Cl\u00e1udio Castro<\/strong>&nbsp;possa, com o aprofundamento das investiga\u00e7\u00f5es,&nbsp;<strong>transformar-se em passivo pol\u00edtico<\/strong>. At\u00e9 l\u00e1, por\u00e9m, os n\u00fameros seguem sendo um problema para o governo.<\/p>\n","protected":false},"excerpt":{"rendered":"<p>Um novo levantamento encomendado pela Secretaria de Comunica\u00e7\u00e3o Social (Secom) da Presid\u00eancia da Rep\u00fablica acendeu o sinal amarelo no Pal\u00e1cio do Planalto. Realizada entre sexta-feira (1\u00ba) e segunda-feira (4), a pesquisa ouviu 2.803 pessoas por telefone e revelou que a popularidade do presidente Luiz In\u00e1cio Lula da Silva (PT) voltou a cair, acompanhada por uma [&hellip;]<\/p>\n","protected":false},"author":2,"featured_media":22542,"comment_status":"open","ping_status":"open","sticky":false,"template":"","format":"standard","meta":[],"categories":[4],"tags":[13],"_links":{"self":[{"href":"https:\/\/dgospel.com.br\/portal\/index.php\/wp-json\/wp\/v2\/posts\/22541"}],"collection":[{"href":"https:\/\/dgospel.com.br\/portal\/index.php\/wp-json\/wp\/v2\/posts"}],"about":[{"href":"https:\/\/dgospel.com.br\/portal\/index.php\/wp-json\/wp\/v2\/types\/post"}],"author":[{"embeddable":true,"href":"https:\/\/dgospel.com.br\/portal\/index.php\/wp-json\/wp\/v2\/users\/2"}],"replies":[{"embeddable":true,"href":"https:\/\/dgospel.com.br\/portal\/index.php\/wp-json\/wp\/v2\/comments?post=22541"}],"version-history":[{"count":1,"href":"https:\/\/dgospel.com.br\/portal\/index.php\/wp-json\/wp\/v2\/posts\/22541\/revisions"}],"predecessor-version":[{"id":22543,"href":"https:\/\/dgospel.com.br\/portal\/index.php\/wp-json\/wp\/v2\/posts\/22541\/revisions\/22543"}],"wp:featuredmedia":[{"embeddable":true,"href":"https:\/\/dgospel.com.br\/portal\/index.php\/wp-json\/wp\/v2\/media\/22542"}],"wp:attachment":[{"href":"https:\/\/dgospel.com.br\/portal\/index.php\/wp-json\/wp\/v2\/media?parent=22541"}],"wp:term":[{"taxonomy":"category","embeddable":true,"href":"https:\/\/dgospel.com.br\/portal\/index.php\/wp-json\/wp\/v2\/categories?post=22541"},{"taxonomy":"post_tag","embeddable":true,"href":"https:\/\/dgospel.com.br\/portal\/index.php\/wp-json\/wp\/v2\/tags?post=22541"}],"curies":[{"name":"wp","href":"https:\/\/api.w.org\/{rel}","templated":true}]}}