{"id":22544,"date":"2025-11-12T08:07:18","date_gmt":"2025-11-12T11:07:18","guid":{"rendered":"https:\/\/dgospel.com.br\/portal\/?p=22544"},"modified":"2025-11-12T08:07:19","modified_gmt":"2025-11-12T11:07:19","slug":"leo-barbosa-propoe-criacao-da-exposicao-estadual-de-ciencia-e-inovacao-nas-escolas-publicas-do-tocantins","status":"publish","type":"post","link":"https:\/\/dgospel.com.br\/portal\/index.php\/2025\/11\/12\/leo-barbosa-propoe-criacao-da-exposicao-estadual-de-ciencia-e-inovacao-nas-escolas-publicas-do-tocantins\/","title":{"rendered":"L\u00e9o Barbosa prop\u00f5e cria\u00e7\u00e3o da Exposi\u00e7\u00e3o Estadual de Ci\u00eancia e Inova\u00e7\u00e3o nas Escolas P\u00fablicas do Tocantins"},"content":{"rendered":"\n<p>O deputado estadual&nbsp;L\u00e9o Barbosa (Republicanos), apresentou o&nbsp;Projeto de Lei n<strong>\u00b0&nbsp;<\/strong>461\/2025,&nbsp;que institui a&nbsp;Exposi\u00e7\u00e3o Estadual de Ci\u00eancia e Inova\u00e7\u00e3o das Escolas P\u00fablicas Estaduais do Tocantins. O objetivo \u00e9 valorizar e divulgar os melhores projetos cient\u00edficos e tecnol\u00f3gicos desenvolvidos por estudantes da rede p\u00fablica de ensino, promovendo o protagonismo estudantil e a valoriza\u00e7\u00e3o do trabalho docente.<\/p>\n\n\n\n<p>De acordo com a proposta, a exposi\u00e7\u00e3o poder\u00e1 ser realizada&nbsp;anualmente, reunindo os projetos de destaque das feiras escolares e regionais. Poder\u00e3o participar estudantes da rede estadual que tiverem seus trabalhos selecionados com base em crit\u00e9rios como relev\u00e2ncia social, originalidade, aplicabilidade, criatividade e rigor metodol\u00f3gico.<\/p>\n\n\n\n<p>\u201cA iniciativa busca&nbsp;estimular a pesquisa, a criatividade e o pensamento cr\u00edtico,&nbsp;al\u00e9m de incentivar o interesse dos jovens pela ci\u00eancia, tecnologia e inova\u00e7\u00e3o como instrumentos de transforma\u00e7\u00e3o social. O evento tamb\u00e9m pretende&nbsp;promover a troca de experi\u00eancias&nbsp;entre escolas de diferentes regi\u00f5es do Estado\u201d, destacou L\u00e9o.<\/p>\n\n\n\n<p>Barbosa ressaltou ainda, que o projeto est\u00e1 alinhado \u00e0&nbsp;Lei de Diretrizes e Bases da Educa\u00e7\u00e3o (LDB)&nbsp;e \u00e0&nbsp;Base Nacional Comum Curricular (BNCC), que valorizam o pensamento cient\u00edfico e a autonomia intelectual. Segundo o deputado, \u201cas feiras de ci\u00eancias s\u00e3o espa\u00e7os de aprendizado ativo e criativo, e a exposi\u00e7\u00e3o estadual dar\u00e1 visibilidade a esses talentos, fortalecendo a cultura cient\u00edfica em toda a rede\u201d, completou.<\/p>\n\n\n\n<p>Com car\u00e1ter&nbsp;autorizativo, o projeto n\u00e3o cria despesas obrigat\u00f3rias ao Estado e permite parcerias com universidades, centros de pesquisa e entidades p\u00fablicas ou privadas. A Exposi\u00e7\u00e3o Estadual de Ci\u00eancia e Inova\u00e7\u00e3o poder\u00e1 integrar o&nbsp;calend\u00e1rio anual da rede estadual de ensino, tornando-se uma pol\u00edtica permanente de incentivo \u00e0 pesquisa e \u00e0 inova\u00e7\u00e3o no Tocantins.<\/p>\n","protected":false},"excerpt":{"rendered":"<p>O deputado estadual&nbsp;L\u00e9o Barbosa (Republicanos), apresentou o&nbsp;Projeto de Lei n\u00b0&nbsp;461\/2025,&nbsp;que institui a&nbsp;Exposi\u00e7\u00e3o Estadual de Ci\u00eancia e Inova\u00e7\u00e3o das Escolas P\u00fablicas Estaduais do Tocantins. O objetivo \u00e9 valorizar e divulgar os melhores projetos cient\u00edficos e tecnol\u00f3gicos desenvolvidos por estudantes da rede p\u00fablica de ensino, promovendo o protagonismo estudantil e a valoriza\u00e7\u00e3o do trabalho docente. De acordo [&hellip;]<\/p>\n","protected":false},"author":2,"featured_media":22545,"comment_status":"open","ping_status":"open","sticky":false,"template":"","format":"standard","meta":[],"categories":[8],"tags":[],"_links":{"self":[{"href":"https:\/\/dgospel.com.br\/portal\/index.php\/wp-json\/wp\/v2\/posts\/22544"}],"collection":[{"href":"https:\/\/dgospel.com.br\/portal\/index.php\/wp-json\/wp\/v2\/posts"}],"about":[{"href":"https:\/\/dgospel.com.br\/portal\/index.php\/wp-json\/wp\/v2\/types\/post"}],"author":[{"embeddable":true,"href":"https:\/\/dgospel.com.br\/portal\/index.php\/wp-json\/wp\/v2\/users\/2"}],"replies":[{"embeddable":true,"href":"https:\/\/dgospel.com.br\/portal\/index.php\/wp-json\/wp\/v2\/comments?post=22544"}],"version-history":[{"count":1,"href":"https:\/\/dgospel.com.br\/portal\/index.php\/wp-json\/wp\/v2\/posts\/22544\/revisions"}],"predecessor-version":[{"id":22546,"href":"https:\/\/dgospel.com.br\/portal\/index.php\/wp-json\/wp\/v2\/posts\/22544\/revisions\/22546"}],"wp:featuredmedia":[{"embeddable":true,"href":"https:\/\/dgospel.com.br\/portal\/index.php\/wp-json\/wp\/v2\/media\/22545"}],"wp:attachment":[{"href":"https:\/\/dgospel.com.br\/portal\/index.php\/wp-json\/wp\/v2\/media?parent=22544"}],"wp:term":[{"taxonomy":"category","embeddable":true,"href":"https:\/\/dgospel.com.br\/portal\/index.php\/wp-json\/wp\/v2\/categories?post=22544"},{"taxonomy":"post_tag","embeddable":true,"href":"https:\/\/dgospel.com.br\/portal\/index.php\/wp-json\/wp\/v2\/tags?post=22544"}],"curies":[{"name":"wp","href":"https:\/\/api.w.org\/{rel}","templated":true}]}}