{"id":22554,"date":"2025-11-13T16:38:00","date_gmt":"2025-11-13T19:38:00","guid":{"rendered":"https:\/\/dgospel.com.br\/portal\/?p=22554"},"modified":"2025-11-13T16:38:01","modified_gmt":"2025-11-13T19:38:01","slug":"ex-presidente-do-inss-sob-lula-e-preso-em-operacao-da-pf","status":"publish","type":"post","link":"https:\/\/dgospel.com.br\/portal\/index.php\/2025\/11\/13\/ex-presidente-do-inss-sob-lula-e-preso-em-operacao-da-pf\/","title":{"rendered":"Ex-presidente do INSS sob Lula \u00e9 preso em opera\u00e7\u00e3o da PF"},"content":{"rendered":"\n<p>Alessandro Stefanutto, ex-presidente do Instituto Nacional do Seguro Social (INSS) entre julho de 2023 e abril de 2025, foi preso nesta quinta-feira (13) durante uma opera\u00e7\u00e3o da&nbsp;<a href=\"https:\/\/pleno.news\/tag\/policia-federal\" target=\"_blank\" rel=\"noreferrer noopener\">Pol\u00edcia Federal<\/a>&nbsp;(PF) que investiga um esquema de descontos ilegais em aposentadorias e pens\u00f5es. A a\u00e7\u00e3o faz parte da nova fase da Opera\u00e7\u00e3o Sem Desconto, deflagrada em parceria com a Controladoria-Geral da Uni\u00e3o (CGU).<\/p>\n\n\n\n<p>Stefanutto havia sido afastado e posteriormente demitido do cargo em abril, ap\u00f3s o esc\u00e2ndalo de fraudes no \u00f3rg\u00e3o vir a p\u00fablico. Segundo as investiga\u00e7\u00f5es, o grupo criminoso teria movimentado valores que podem chegar a R$ 6,3 bilh\u00f5es entre 2019 e 2024. As for\u00e7as de seguran\u00e7a cumprem 63 mandados de buscas, al\u00e9m de outras medidas cautelares, no Distrito Federal e em 14 estados.<\/p>\n\n\n\n<p>Al\u00e9m de Stefanutto, a opera\u00e7\u00e3o tamb\u00e9m mira outros nomes, como o ex-ministro da Previd\u00eancia Ahmed Oliveira, que \u00e9 alvo de mandados de busca e passar\u00e1 a usar tornozeleira eletr\u00f4nica. J\u00e1 o deputado federal Euclydes Pettersen Neto (Republicanos-MG) e o deputado estadual Edson Cunha de Ara\u00fajo (PSB-MA) tamb\u00e9m s\u00e3o alvo de busca e apreens\u00e3o.<\/p>\n\n\n\n<p>Os suspeitos s\u00e3o investigados pelos crimes de inser\u00e7\u00e3o de dados falsos em sistemas oficiais, organiza\u00e7\u00e3o criminosa, estelionato previdenci\u00e1rio, corrup\u00e7\u00e3o ativa e passiva, al\u00e9m de atos de oculta\u00e7\u00e3o e dilapida\u00e7\u00e3o patrimonial.<\/p>\n","protected":false},"excerpt":{"rendered":"<p>Alessandro Stefanutto, ex-presidente do Instituto Nacional do Seguro Social (INSS) entre julho de 2023 e abril de 2025, foi preso nesta quinta-feira (13) durante uma opera\u00e7\u00e3o da&nbsp;Pol\u00edcia Federal&nbsp;(PF) que investiga um esquema de descontos ilegais em aposentadorias e pens\u00f5es. A a\u00e7\u00e3o faz parte da nova fase da Opera\u00e7\u00e3o Sem Desconto, deflagrada em parceria com a [&hellip;]<\/p>\n","protected":false},"author":2,"featured_media":22555,"comment_status":"open","ping_status":"open","sticky":false,"template":"","format":"standard","meta":[],"categories":[4],"tags":[13],"_links":{"self":[{"href":"https:\/\/dgospel.com.br\/portal\/index.php\/wp-json\/wp\/v2\/posts\/22554"}],"collection":[{"href":"https:\/\/dgospel.com.br\/portal\/index.php\/wp-json\/wp\/v2\/posts"}],"about":[{"href":"https:\/\/dgospel.com.br\/portal\/index.php\/wp-json\/wp\/v2\/types\/post"}],"author":[{"embeddable":true,"href":"https:\/\/dgospel.com.br\/portal\/index.php\/wp-json\/wp\/v2\/users\/2"}],"replies":[{"embeddable":true,"href":"https:\/\/dgospel.com.br\/portal\/index.php\/wp-json\/wp\/v2\/comments?post=22554"}],"version-history":[{"count":1,"href":"https:\/\/dgospel.com.br\/portal\/index.php\/wp-json\/wp\/v2\/posts\/22554\/revisions"}],"predecessor-version":[{"id":22556,"href":"https:\/\/dgospel.com.br\/portal\/index.php\/wp-json\/wp\/v2\/posts\/22554\/revisions\/22556"}],"wp:featuredmedia":[{"embeddable":true,"href":"https:\/\/dgospel.com.br\/portal\/index.php\/wp-json\/wp\/v2\/media\/22555"}],"wp:attachment":[{"href":"https:\/\/dgospel.com.br\/portal\/index.php\/wp-json\/wp\/v2\/media?parent=22554"}],"wp:term":[{"taxonomy":"category","embeddable":true,"href":"https:\/\/dgospel.com.br\/portal\/index.php\/wp-json\/wp\/v2\/categories?post=22554"},{"taxonomy":"post_tag","embeddable":true,"href":"https:\/\/dgospel.com.br\/portal\/index.php\/wp-json\/wp\/v2\/tags?post=22554"}],"curies":[{"name":"wp","href":"https:\/\/api.w.org\/{rel}","templated":true}]}}