{"id":22557,"date":"2025-11-14T16:21:57","date_gmt":"2025-11-14T19:21:57","guid":{"rendered":"https:\/\/dgospel.com.br\/portal\/?p=22557"},"modified":"2025-11-14T16:21:58","modified_gmt":"2025-11-14T19:21:58","slug":"deputado-gipao-parabeniza-araguaina-pelos-seus-67-anos-de-emancipacao-politica","status":"publish","type":"post","link":"https:\/\/dgospel.com.br\/portal\/index.php\/2025\/11\/14\/deputado-gipao-parabeniza-araguaina-pelos-seus-67-anos-de-emancipacao-politica\/","title":{"rendered":"Deputado Gip\u00e3o parabeniza Aragua\u00edna pelos seus 67 anos de emancipa\u00e7\u00e3o pol\u00edtica"},"content":{"rendered":"\n<p>Aragua\u00edna celebra, neste dia a 14, 67 anos de hist\u00f3ria, desenvolvimento e conquistas, e o deputado estadual Gip\u00e3o fez quest\u00e3o de homenagear a cidade que marcou profundamente sua vida pessoal e trajet\u00f3ria p\u00fablica. Em mensagem divulgada nas redes sociais, o parlamentar afirmou:<\/p>\n\n\n\n<p>\u201cHoje Aragua\u00edna completa 67 anos de desenvolvimento, conquistas e muitas hist\u00f3rias constru\u00eddas pelo seu povo trabalhador. Foi nessa cidade que cresci, criei minha fam\u00edlia e firmei minhas ra\u00edzes. Aragua\u00edna faz parte da minha vida e da minha miss\u00e3o p\u00fablica.<br>\u00c9 uma grande satisfa\u00e7\u00e3o colaborar com o avan\u00e7o desta terra que segue se fortalecendo e se destacando no Tocantins. Parab\u00e9ns, Aragua\u00edna! Que Deus continue aben\u00e7oando nossa cidade e guiando novos caminhos de prosperidade para todos n\u00f3s.\u201d<\/p>\n\n\n\n<p>A rela\u00e7\u00e3o de Gip\u00e3o com Aragua\u00edna \u00e9 marcada por uma longa jornada de servi\u00e7os prestados. Ele foi vereador por cinco mandatos consecutivos, per\u00edodo em que tamb\u00e9m se formou em Administra\u00e7\u00e3o. Presidiu a C\u00e2mara Municipal em dois bi\u00eanios (2005\u20132006 e 2019\u20132020) e ainda assumiu duas importantes pastas no Executivo: a Funda\u00e7\u00e3o de Atividade Municipal Comunit\u00e1ria (Funamc) e a Secretaria de Ci\u00eancia e Tecnologia.<\/p>\n\n\n\n<p>Durante sua atua\u00e7\u00e3o parlamentar, foi protagonista na constru\u00e7\u00e3o de projetos e na articula\u00e7\u00e3o de obras que transformaram Aragua\u00edna numa refer\u00eancia regional, contribuindo para a chegada de grandes investimentos como a Via Lago, Via Norte, Parque Cimba, Centro de Conven\u00e7\u00f5es, Complexo Esportivo Pedro Quaresma, Terminal de Coletivo da Pra\u00e7a das Bandeiras, al\u00e9m de melhorias significativas em pavimenta\u00e7\u00e3o, sa\u00fade e educa\u00e7\u00e3o.<\/p>\n\n\n\n<p>Seu legado pol\u00edtico tamb\u00e9m se estende \u00e0 nova gera\u00e7\u00e3o: ap\u00f3s concluir seu quinto mandato na C\u00e2mara, seu filho Matheus Mariano foi eleito o vereador mais votado nas elei\u00e7\u00f5es de 2020, consolidando a for\u00e7a do legado de Gip\u00e3o.<\/p>\n\n\n\n<p>Ao celebrar mais um ano de Aragua\u00edna, Gip\u00e3o refor\u00e7a seu compromisso com o munic\u00edpio que o acolheu e o moldou, reafirmando sua dedica\u00e7\u00e3o em continuar trabalhando pelo progresso e bem-estar de todos os araguainenses.<\/p>\n","protected":false},"excerpt":{"rendered":"<p>Aragua\u00edna celebra, neste dia a 14, 67 anos de hist\u00f3ria, desenvolvimento e conquistas, e o deputado estadual Gip\u00e3o fez quest\u00e3o de homenagear a cidade que marcou profundamente sua vida pessoal e trajet\u00f3ria p\u00fablica. Em mensagem divulgada nas redes sociais, o parlamentar afirmou: \u201cHoje Aragua\u00edna completa 67 anos de desenvolvimento, conquistas e muitas hist\u00f3rias constru\u00eddas pelo [&hellip;]<\/p>\n","protected":false},"author":2,"featured_media":22558,"comment_status":"open","ping_status":"open","sticky":false,"template":"","format":"standard","meta":[],"categories":[8],"tags":[],"_links":{"self":[{"href":"https:\/\/dgospel.com.br\/portal\/index.php\/wp-json\/wp\/v2\/posts\/22557"}],"collection":[{"href":"https:\/\/dgospel.com.br\/portal\/index.php\/wp-json\/wp\/v2\/posts"}],"about":[{"href":"https:\/\/dgospel.com.br\/portal\/index.php\/wp-json\/wp\/v2\/types\/post"}],"author":[{"embeddable":true,"href":"https:\/\/dgospel.com.br\/portal\/index.php\/wp-json\/wp\/v2\/users\/2"}],"replies":[{"embeddable":true,"href":"https:\/\/dgospel.com.br\/portal\/index.php\/wp-json\/wp\/v2\/comments?post=22557"}],"version-history":[{"count":1,"href":"https:\/\/dgospel.com.br\/portal\/index.php\/wp-json\/wp\/v2\/posts\/22557\/revisions"}],"predecessor-version":[{"id":22559,"href":"https:\/\/dgospel.com.br\/portal\/index.php\/wp-json\/wp\/v2\/posts\/22557\/revisions\/22559"}],"wp:featuredmedia":[{"embeddable":true,"href":"https:\/\/dgospel.com.br\/portal\/index.php\/wp-json\/wp\/v2\/media\/22558"}],"wp:attachment":[{"href":"https:\/\/dgospel.com.br\/portal\/index.php\/wp-json\/wp\/v2\/media?parent=22557"}],"wp:term":[{"taxonomy":"category","embeddable":true,"href":"https:\/\/dgospel.com.br\/portal\/index.php\/wp-json\/wp\/v2\/categories?post=22557"},{"taxonomy":"post_tag","embeddable":true,"href":"https:\/\/dgospel.com.br\/portal\/index.php\/wp-json\/wp\/v2\/tags?post=22557"}],"curies":[{"name":"wp","href":"https:\/\/api.w.org\/{rel}","templated":true}]}}