{"id":22566,"date":"2025-11-17T12:07:49","date_gmt":"2025-11-17T15:07:49","guid":{"rendered":"https:\/\/dgospel.com.br\/portal\/?p=22566"},"modified":"2025-11-17T12:07:50","modified_gmt":"2025-11-17T15:07:50","slug":"gestao-lula-usou-r-345-mil-para-trazer-ex-primeira-dama-do-peru","status":"publish","type":"post","link":"https:\/\/dgospel.com.br\/portal\/index.php\/2025\/11\/17\/gestao-lula-usou-r-345-mil-para-trazer-ex-primeira-dama-do-peru\/","title":{"rendered":"Gest\u00e3o Lula usou R$ 345 mil para trazer ex-primeira-dama do Peru"},"content":{"rendered":"\n<p>O governo do presidente da Rep\u00fablica,&nbsp;<a href=\"https:\/\/pleno.news\/tag\/lula\" target=\"_blank\" rel=\"noreferrer noopener\">Luiz In\u00e1cio Lula da Silva<\/a>&nbsp;(PT), desembolsou R$ 345 mil na opera\u00e7\u00e3o de transporte ao Brasil de Nadine Heredia, ex-primeira-dama do Peru, para fins de asilo diplom\u00e1tico. Heredia foi condenada a 15 anos de pris\u00e3o pela Justi\u00e7a peruana em uma a\u00e7\u00e3o de corrup\u00e7\u00e3o, originada da Opera\u00e7\u00e3o Lava Jato.<\/p>\n\n\n\n<p>A ex-primeira-dama desembarcou em Bras\u00edlia em abril deste ano ap\u00f3s uma aeronave da For\u00e7a A\u00e9rea Brasileira (FAB) busc\u00e1-la em Lima. O translado envolveu R$ 318 mil em custos log\u00edsticos, como combust\u00edvel, manuten\u00e7\u00e3o e horas de voo, outros R$ 19 mil em taxas aeroportu\u00e1rias de handling e R$ 7,5 mil em di\u00e1rias para a tripula\u00e7\u00e3o.<\/p>\n\n\n\n<p>A aeronave utilizada foi um jato E-135 Shuttle (VC-99C), que partiu de Bras\u00edlia rumo a Lima com paradas t\u00e9cnicas em Curitiba (PR). Os custos e detalhes do deslocamento foram obtidos pelo deputado Marcelo van Hattem (Novo-RS) por meio de um requerimento de informa\u00e7\u00e3o ao Minist\u00e9rio da Defesa.<\/p>\n\n\n\n<p>A FAB informou ao parlamentar que a solicita\u00e7\u00e3o de envio do avi\u00e3o para Lima partiu do presidente Lula, por meio de um of\u00edcio expedido no dia 15 de abril deste ano via Minist\u00e9rio das Rela\u00e7\u00f5es Exteriores. Ainda de acordo com a For\u00e7a A\u00e9rea, n\u00e3o foi realizada estimativa pr\u00e9via dos custos da miss\u00e3o.<\/p>\n\n\n\n<p>Heredia \u00e9 mulher do ex-presidente do Peru Olanto Humala, tamb\u00e9m condenado a 15 anos de pris\u00e3o por corrup\u00e7\u00e3o e lavagem de dinheiro. Diferentemente da esposa, Humala foi preso ap\u00f3s comparecer a uma audi\u00eancia. Ao tomar conhecimento da pris\u00e3o do marido, a ex-primeira-dama faltou \u00e0 audi\u00eancia no tribunal e se dirigiu \u00e0 embaixada brasileira com o filho Samir Mallko Ollanta Humala Heredia.<\/p>\n\n\n\n<p>Nadine Heredia deu entrada na Embaixada do Brasil em Lima, com pedido de asilo diplom\u00e1tico, logo ap\u00f3s o an\u00fancio da senten\u00e7a. Em coordena\u00e7\u00e3o com o governo peruano, o governo Lula concedeu o asilo, e ela obteve um salvo-conduto para deixar o pa\u00eds.<\/p>\n\n\n\n<p>Segundo o Minist\u00e9rio P\u00fablico, Humala e Nadine Heredia teriam recebido recursos de forma il\u00edcita em opera\u00e7\u00f5es da construtora Odebrecht (atualmente Novonor), que atuava no pa\u00eds vizinho em grandes obras p\u00fablicas.<\/p>\n\n\n\n<p>*AE<\/p>\n","protected":false},"excerpt":{"rendered":"<p>O governo do presidente da Rep\u00fablica,&nbsp;Luiz In\u00e1cio Lula da Silva&nbsp;(PT), desembolsou R$ 345 mil na opera\u00e7\u00e3o de transporte ao Brasil de Nadine Heredia, ex-primeira-dama do Peru, para fins de asilo diplom\u00e1tico. Heredia foi condenada a 15 anos de pris\u00e3o pela Justi\u00e7a peruana em uma a\u00e7\u00e3o de corrup\u00e7\u00e3o, originada da Opera\u00e7\u00e3o Lava Jato. A ex-primeira-dama desembarcou [&hellip;]<\/p>\n","protected":false},"author":2,"featured_media":22567,"comment_status":"open","ping_status":"open","sticky":false,"template":"","format":"standard","meta":[],"categories":[4],"tags":[13],"_links":{"self":[{"href":"https:\/\/dgospel.com.br\/portal\/index.php\/wp-json\/wp\/v2\/posts\/22566"}],"collection":[{"href":"https:\/\/dgospel.com.br\/portal\/index.php\/wp-json\/wp\/v2\/posts"}],"about":[{"href":"https:\/\/dgospel.com.br\/portal\/index.php\/wp-json\/wp\/v2\/types\/post"}],"author":[{"embeddable":true,"href":"https:\/\/dgospel.com.br\/portal\/index.php\/wp-json\/wp\/v2\/users\/2"}],"replies":[{"embeddable":true,"href":"https:\/\/dgospel.com.br\/portal\/index.php\/wp-json\/wp\/v2\/comments?post=22566"}],"version-history":[{"count":1,"href":"https:\/\/dgospel.com.br\/portal\/index.php\/wp-json\/wp\/v2\/posts\/22566\/revisions"}],"predecessor-version":[{"id":22568,"href":"https:\/\/dgospel.com.br\/portal\/index.php\/wp-json\/wp\/v2\/posts\/22566\/revisions\/22568"}],"wp:featuredmedia":[{"embeddable":true,"href":"https:\/\/dgospel.com.br\/portal\/index.php\/wp-json\/wp\/v2\/media\/22567"}],"wp:attachment":[{"href":"https:\/\/dgospel.com.br\/portal\/index.php\/wp-json\/wp\/v2\/media?parent=22566"}],"wp:term":[{"taxonomy":"category","embeddable":true,"href":"https:\/\/dgospel.com.br\/portal\/index.php\/wp-json\/wp\/v2\/categories?post=22566"},{"taxonomy":"post_tag","embeddable":true,"href":"https:\/\/dgospel.com.br\/portal\/index.php\/wp-json\/wp\/v2\/tags?post=22566"}],"curies":[{"name":"wp","href":"https:\/\/api.w.org\/{rel}","templated":true}]}}