{"id":22569,"date":"2025-11-17T12:09:54","date_gmt":"2025-11-17T15:09:54","guid":{"rendered":"https:\/\/dgospel.com.br\/portal\/?p=22569"},"modified":"2025-11-17T12:09:55","modified_gmt":"2025-11-17T15:09:55","slug":"camilo-recebeu-fora-da-agenda-ex-nora-de-lula-alvo-da-pf","status":"publish","type":"post","link":"https:\/\/dgospel.com.br\/portal\/index.php\/2025\/11\/17\/camilo-recebeu-fora-da-agenda-ex-nora-de-lula-alvo-da-pf\/","title":{"rendered":"Camilo recebeu, fora da agenda, ex-nora de Lula alvo da PF"},"content":{"rendered":"\n<p>O ministro da Educa\u00e7\u00e3o, Camilo Santana, recebeu em seu gabinete a ex-nora do presidente Luiz In\u00e1cio Lula da Silva (PT), Carla Ariane Trindade, alvo de opera\u00e7\u00e3o da Pol\u00edcia Federal (PF) por suspeita de participar de desvio de verbas da Educa\u00e7\u00e3o em munic\u00edpios de S\u00e3o Paulo. O encontro n\u00e3o constava na agenda do ministro, mas a entrada de Carla foi registrada na portaria do minist\u00e9rio e revelada via Lei de Acesso \u00e0 Informa\u00e7\u00e3o (LAI).<\/p>\n\n\n\n<p>Segundo as informa\u00e7\u00f5es, Carla entrou no MEC no dia 12 de julho de 2024, \u00e0s 12h, com destino ao gabinete do ministro. Na descri\u00e7\u00e3o de sua fun\u00e7\u00e3o, constava somente \u201cPresidente Lula\u201d, embora a ex-nora do chefe do Executivo n\u00e3o possua cargo no governo.<\/p>\n\n\n\n<p>Carla foi casada com Marcos Cl\u00e1udio, filho de Marisa Let\u00edcia adotado por Lula. Ela se tornou alvo de opera\u00e7\u00e3o da PF na \u00faltima quarta-feira (12), por suspeita de receber dinheiro para obter influ\u00eancia no Minist\u00e9rio da Educa\u00e7\u00e3o e fraudes em licita\u00e7\u00f5es.<\/p>\n\n\n\n<p>No mesmo dia da visita de Carla, a agenda oficial de Camilo previa que ele faria uma visita ao hospital da Universidade de Bras\u00edlia (UnB) entre 9h30 e 11h e realizaria uma viagem para Fortaleza, Cear\u00e1, sem especifica\u00e7\u00e3o de hor\u00e1rio.<\/p>\n\n\n\n<p>Al\u00e9m de Carla, a portaria tamb\u00e9m registrou a entrada do ex-deputado estadual do Cear\u00e1 George Lima e do secret\u00e1rio educacional Fernando Moraes, tamb\u00e9m investigado pela PF. Ambos foram recebidos pelo ministro em seu gabinete.<\/p>\n\n\n\n<p>Segundo as investiga\u00e7\u00f5es da PF, um grupo de cinco pessoas teria feito lobby junto ao governo federal a fim de liberar verbas para munic\u00edpios do interior de S\u00e3o Paulo por meio de contratos com a Life Tecnologia Educacional, empresa que forneceu equipamentos superfaturados. O propriet\u00e1rio da empresa, Andr\u00e9 Mariano, teria fornecido propina a servidores e lobistas, pagando ainda duas viagens de Carla a Bras\u00edlia.<\/p>\n\n\n\n<p>\u2013 A investiga\u00e7\u00e3o indicou pr\u00e1ticas sofisticadas de lavagem de dinheiro, com o repasse de valores para empresas de fachada, atua\u00e7\u00e3o de doleiros e utiliza\u00e7\u00e3o de criptoativos, tudo com a finalidade de, para al\u00e9m do enriquecimento il\u00edcito daqueles diretamente envolvidos, repasse de valores a terceiros, em sua maioria funcion\u00e1rios ou agentes p\u00fablicos, que agiam para garantir a contrata\u00e7\u00e3o da empresa LIFE por meio fraudulento \u2013 disse a ju\u00edza Raquel Coelho Dal Rio Silveira, da 1\u00aa Vara Federal de Campinas (SP), que deflagrou a opera\u00e7\u00e3o.<\/p>\n","protected":false},"excerpt":{"rendered":"<p>O ministro da Educa\u00e7\u00e3o, Camilo Santana, recebeu em seu gabinete a ex-nora do presidente Luiz In\u00e1cio Lula da Silva (PT), Carla Ariane Trindade, alvo de opera\u00e7\u00e3o da Pol\u00edcia Federal (PF) por suspeita de participar de desvio de verbas da Educa\u00e7\u00e3o em munic\u00edpios de S\u00e3o Paulo. O encontro n\u00e3o constava na agenda do ministro, mas a [&hellip;]<\/p>\n","protected":false},"author":2,"featured_media":22570,"comment_status":"open","ping_status":"open","sticky":false,"template":"","format":"standard","meta":[],"categories":[10],"tags":[],"_links":{"self":[{"href":"https:\/\/dgospel.com.br\/portal\/index.php\/wp-json\/wp\/v2\/posts\/22569"}],"collection":[{"href":"https:\/\/dgospel.com.br\/portal\/index.php\/wp-json\/wp\/v2\/posts"}],"about":[{"href":"https:\/\/dgospel.com.br\/portal\/index.php\/wp-json\/wp\/v2\/types\/post"}],"author":[{"embeddable":true,"href":"https:\/\/dgospel.com.br\/portal\/index.php\/wp-json\/wp\/v2\/users\/2"}],"replies":[{"embeddable":true,"href":"https:\/\/dgospel.com.br\/portal\/index.php\/wp-json\/wp\/v2\/comments?post=22569"}],"version-history":[{"count":1,"href":"https:\/\/dgospel.com.br\/portal\/index.php\/wp-json\/wp\/v2\/posts\/22569\/revisions"}],"predecessor-version":[{"id":22571,"href":"https:\/\/dgospel.com.br\/portal\/index.php\/wp-json\/wp\/v2\/posts\/22569\/revisions\/22571"}],"wp:featuredmedia":[{"embeddable":true,"href":"https:\/\/dgospel.com.br\/portal\/index.php\/wp-json\/wp\/v2\/media\/22570"}],"wp:attachment":[{"href":"https:\/\/dgospel.com.br\/portal\/index.php\/wp-json\/wp\/v2\/media?parent=22569"}],"wp:term":[{"taxonomy":"category","embeddable":true,"href":"https:\/\/dgospel.com.br\/portal\/index.php\/wp-json\/wp\/v2\/categories?post=22569"},{"taxonomy":"post_tag","embeddable":true,"href":"https:\/\/dgospel.com.br\/portal\/index.php\/wp-json\/wp\/v2\/tags?post=22569"}],"curies":[{"name":"wp","href":"https:\/\/api.w.org\/{rel}","templated":true}]}}