{"id":22572,"date":"2025-11-18T13:14:10","date_gmt":"2025-11-18T16:14:10","guid":{"rendered":"https:\/\/dgospel.com.br\/portal\/?p=22572"},"modified":"2025-11-18T13:14:11","modified_gmt":"2025-11-18T16:14:11","slug":"despesa-com-cargos-de-confianca-sobe-181-e-atinge-patamar-recorde-na-gestao-lula","status":"publish","type":"post","link":"https:\/\/dgospel.com.br\/portal\/index.php\/2025\/11\/18\/despesa-com-cargos-de-confianca-sobe-181-e-atinge-patamar-recorde-na-gestao-lula\/","title":{"rendered":"Despesa com cargos de confian\u00e7a sobe 181% e atinge patamar recorde na gest\u00e3o Lula"},"content":{"rendered":"\n<p>O governo federal quase dobrou \u2014 e em alguns pontos, mais que dobrou \u2014 os gastos com cargos comissionados desde 2019, revelando uma escalada que supera em larga margem os valores praticados durante a gest\u00e3o Jair Bolsonaro (2019-2022). Dados obtidos pelo\u00a0<a rel=\"noreferrer noopener\" href=\"https:\/\/noticias.r7.com\/prisma\/r7-planalto\/gastos-do-governo-federal-com-cargos-comissionados-quase-duplicaram-desde-2019-16112025\/\" target=\"_blank\">R7<\/a>\u00a0via Lei de Acesso \u00e0 Informa\u00e7\u00e3o mostram que a despesa com agentes p\u00fablicos nomeados sem concurso saltou de R$ 564,5 milh\u00f5es em 2019 para R$ 1,6 bilh\u00e3o em 2024, um aumento de 181%. Em 2025, at\u00e9 outubro, o total j\u00e1 alcan\u00e7a R$ 1,589 bilh\u00e3o \u2014 praticamente o mesmo volume de todo o ano anterior.<\/p>\n\n\n\n<p>A evolu\u00e7\u00e3o anual evidencia uma curva de crescimento cont\u00ednuo: R$ 564,5 milh\u00f5es (2019), R$ 728,7 milh\u00f5es (2020), R$ 759,3 milh\u00f5es (2021), R$ 981,7 milh\u00f5es (2022), R$ 1,421 bilh\u00e3o (2023), R$ 1,628 bilh\u00e3o (2024) e R$ 1,589 bilh\u00e3o em 2025 at\u00e9 outubro. Na pr\u00e1tica, o gasto anual atual \u00e9 quase tr\u00eas vezes superior ao registrado no primeiro ano do governo Bolsonaro \u2014 e 66% acima da m\u00e9dia de despesas do per\u00edodo de 2019 a 2022.<\/p>\n\n\n\n<p>Al\u00e9m do aumento financeiro, houve tamb\u00e9m uma amplia\u00e7\u00e3o expressiva no n\u00famero de cargos de confian\u00e7a distribu\u00eddos pela administra\u00e7\u00e3o federal. Em 2019, a Uni\u00e3o mantinha 31.805 fun\u00e7\u00f5es comissionadas. O n\u00famero permaneceu relativamente est\u00e1vel at\u00e9 2021, com pequenas oscila\u00e7\u00f5es. A virada ocorre em 2022, \u00faltimo ano de Bolsonaro, quando o total salta para 46.259 \u2014 resultado de uma reorganiza\u00e7\u00e3o administrativa que ampliou estruturas internas de minist\u00e9rios e criou novas fun\u00e7\u00f5es de assessoramento.<\/p>\n\n\n\n<p>O ritmo acelerou ainda mais ap\u00f3s a posse de Luiz In\u00e1cio Lula da Silva em 2023. O estoque de cargos passou a 47.726 no primeiro ano, atingiu 49.421 em 2024 e chegou a 50.124 em 2025. Hoje, h\u00e1 18 mil cargos comissionados a mais do que no in\u00edcio de 2019, um crescimento de 57%. Em compara\u00e7\u00e3o com a m\u00e9dia dos quatro anos da gest\u00e3o Bolsonaro (cerca de 35 mil cargos), o governo atual opera com aproximadamente 15 mil posi\u00e7\u00f5es extras de livre nomea\u00e7\u00e3o.<\/p>\n\n\n\n<p>A explos\u00e3o de gastos acompanha, portanto, a expans\u00e3o da estrutura de confian\u00e7a distribu\u00edda entre minist\u00e9rios, autarquias e \u00f3rg\u00e3os da administra\u00e7\u00e3o direta e indireta. Os cargos de livre nomea\u00e7\u00e3o \u2014 que n\u00e3o exigem concurso p\u00fablico e podem ser ocupados ou esvaziados a qualquer momento \u2014 s\u00e3o tradicionalmente usados como instrumento de acomoda\u00e7\u00e3o pol\u00edtica, compondo a base parlamentar e atendendo a acordos com partidos aliados. A amplia\u00e7\u00e3o do quadro tende a gerar impacto imediato na folha porque envolve remunera\u00e7\u00f5es superiores \u00e0s de fun\u00e7\u00f5es administrativas comuns, especialmente nos n\u00edveis de dire\u00e7\u00e3o e assessoramento superior.<\/p>\n\n\n\n<p>Durante o governo Bolsonaro, embora houvesse n\u00famero relevante de comissionados, a pol\u00edtica oficial se concentrava na redu\u00e7\u00e3o de estruturas administrativas e na valoriza\u00e7\u00e3o de servidores concursados, movimenta\u00e7\u00e3o que manteve o crescimento de gastos relativamente contido at\u00e9 2021. J\u00e1 em 2022, ano eleitoral, houve amplia\u00e7\u00e3o significativa do total de cargos, mas ainda assim o gasto anual (R$ 981,7 milh\u00f5es) ficou muito abaixo do patamar atingido a partir de 2023.<\/p>\n\n\n\n<p>No governo Lula, a recomposi\u00e7\u00e3o de minist\u00e9rios \u2014 que passaram de 23 para 37 \u2014 e o aumento das estruturas internas das pastas impulsionaram a abertura de milhares de vagas de dire\u00e7\u00e3o, coordena\u00e7\u00e3o e assessoramento. Al\u00e9m disso, a negocia\u00e7\u00e3o para garantir apoio no Congresso, sobretudo no Centr\u00e3o, refor\u00e7ou a utiliza\u00e7\u00e3o de cargos estrat\u00e9gicos como moeda de troca pol\u00edtica. A soma de fatores incrementou tanto o volume de nomea\u00e7\u00f5es quanto o custo total da m\u00e1quina p\u00fablica.<\/p>\n\n\n\n<p>Especialistas em gest\u00e3o p\u00fablica lembram que cargos comissionados s\u00e3o instrumentos leg\u00edtimos de organiza\u00e7\u00e3o administrativa, mas destacam que a expans\u00e3o cont\u00ednua costuma elevar despesas sem ganhos proporcionais de efici\u00eancia. J\u00e1 parlamentares da oposi\u00e7\u00e3o criticam o que chamam de \u201cinchamento da estrutura estatal\u201d, apontando que o crescimento supera largamente a m\u00e9dia de governos anteriores e amplia a depend\u00eancia do Planalto de alian\u00e7as pol\u00edticas sustentadas por nomea\u00e7\u00f5es.<\/p>\n\n\n\n<p>O governo federal, por sua vez, argumenta que a recomposi\u00e7\u00e3o administrativa era necess\u00e1ria para reconstruir pol\u00edticas p\u00fablicas desmontadas e que o volume de cargos est\u00e1 dentro dos limites legais. Ainda assim, o salto simult\u00e2neo de gastos e de cargos de confian\u00e7a evidencia uma mudan\u00e7a estrutural relevante \u2014 e coloca a m\u00e1quina p\u00fablica federal em seu maior patamar de comissionados e de despesas com esses postos desde o in\u00edcio da s\u00e9rie hist\u00f3rica dispon\u00edvel.<\/p>\n\n\n\n<p>Fonte: Hora Bras\u00edlia<\/p>\n","protected":false},"excerpt":{"rendered":"<p>O governo federal quase dobrou \u2014 e em alguns pontos, mais que dobrou \u2014 os gastos com cargos comissionados desde 2019, revelando uma escalada que supera em larga margem os valores praticados durante a gest\u00e3o Jair Bolsonaro (2019-2022). Dados obtidos pelo\u00a0R7\u00a0via Lei de Acesso \u00e0 Informa\u00e7\u00e3o mostram que a despesa com agentes p\u00fablicos nomeados sem [&hellip;]<\/p>\n","protected":false},"author":2,"featured_media":22573,"comment_status":"open","ping_status":"open","sticky":false,"template":"","format":"standard","meta":[],"categories":[10],"tags":[13],"_links":{"self":[{"href":"https:\/\/dgospel.com.br\/portal\/index.php\/wp-json\/wp\/v2\/posts\/22572"}],"collection":[{"href":"https:\/\/dgospel.com.br\/portal\/index.php\/wp-json\/wp\/v2\/posts"}],"about":[{"href":"https:\/\/dgospel.com.br\/portal\/index.php\/wp-json\/wp\/v2\/types\/post"}],"author":[{"embeddable":true,"href":"https:\/\/dgospel.com.br\/portal\/index.php\/wp-json\/wp\/v2\/users\/2"}],"replies":[{"embeddable":true,"href":"https:\/\/dgospel.com.br\/portal\/index.php\/wp-json\/wp\/v2\/comments?post=22572"}],"version-history":[{"count":1,"href":"https:\/\/dgospel.com.br\/portal\/index.php\/wp-json\/wp\/v2\/posts\/22572\/revisions"}],"predecessor-version":[{"id":22574,"href":"https:\/\/dgospel.com.br\/portal\/index.php\/wp-json\/wp\/v2\/posts\/22572\/revisions\/22574"}],"wp:featuredmedia":[{"embeddable":true,"href":"https:\/\/dgospel.com.br\/portal\/index.php\/wp-json\/wp\/v2\/media\/22573"}],"wp:attachment":[{"href":"https:\/\/dgospel.com.br\/portal\/index.php\/wp-json\/wp\/v2\/media?parent=22572"}],"wp:term":[{"taxonomy":"category","embeddable":true,"href":"https:\/\/dgospel.com.br\/portal\/index.php\/wp-json\/wp\/v2\/categories?post=22572"},{"taxonomy":"post_tag","embeddable":true,"href":"https:\/\/dgospel.com.br\/portal\/index.php\/wp-json\/wp\/v2\/tags?post=22572"}],"curies":[{"name":"wp","href":"https:\/\/api.w.org\/{rel}","templated":true}]}}