{"id":22581,"date":"2025-11-18T17:03:45","date_gmt":"2025-11-18T20:03:45","guid":{"rendered":"https:\/\/dgospel.com.br\/portal\/?p=22581"},"modified":"2025-11-18T17:03:46","modified_gmt":"2025-11-18T20:03:46","slug":"brasil-esta-doente-andre-mendonca-faz-diagnostico-do-poder-judiciario","status":"publish","type":"post","link":"https:\/\/dgospel.com.br\/portal\/index.php\/2025\/11\/18\/brasil-esta-doente-andre-mendonca-faz-diagnostico-do-poder-judiciario\/","title":{"rendered":"\u2018Brasil est\u00e1 doente\u2019: Andr\u00e9 Mendon\u00e7a faz diagn\u00f3stico do Poder Judici\u00e1rio"},"content":{"rendered":"\n<p>Durante almo\u00e7o promovido pelo grupo empresarial&nbsp;<a href=\"https:\/\/noticias.gospelmais.com\/tag\/lide\"><strong>Lide<\/strong><\/a>, em S\u00e3o Paulo, nesta segunda-feira, 17, o ministro do Supremo Tribunal Federal (STF) Andr\u00e9 Mendon\u00e7a afirmou que o Brasil est\u00e1 \u201cdoente e enfermo\u201d. Na avalia\u00e7\u00e3o do magistrado, o pa\u00eds atravessa um processo de deteriora\u00e7\u00e3o institucional e de inseguran\u00e7a jur\u00eddica, em um cen\u00e1rio marcado pelo avan\u00e7o do crime organizado.<\/p>\n\n\n\n<p>\u201cSabe quem est\u00e1 \u00e0 frente de n\u00f3s de seguran\u00e7a p\u00fablica? Paraguai, Argentina e Chile. Esse \u00e9 o nosso dado da realidade. N\u00f3s estamos doentes e enfermos, s\u00f3 n\u00e3o nos demos conta. Eu n\u00e3o estou defendendo A, B ou C. Eu estou dizendo que n\u00f3s temos um problema s\u00e9rio de seguran\u00e7a p\u00fablica\u201d, declarou.<\/p>\n\n\n\n<p>Mendon\u00e7a defendeu a necessidade de mudan\u00e7as estruturais, formuladas como pol\u00edticas de Estado, em vez de medidas pontuais. Ele observou que a recorr\u00eancia do tema da seguran\u00e7a jur\u00eddica no debate p\u00fablico \u00e9, por si s\u00f3, um sinal de fragilidade nessa \u00e1rea. \u201cSe n\u00f3s estamos precisando falar de seguran\u00e7a jur\u00eddica, \u00e9 porque n\u00f3s vivemos um estado de inseguran\u00e7a jur\u00eddica. Porque onde h\u00e1 seguran\u00e7a jur\u00eddica a gente n\u00e3o precisa ficar falando toda hora de seguran\u00e7a jur\u00eddica\u201d, afirmou.<\/p>\n\n\n\n<p>O ministro tamb\u00e9m reiterou a import\u00e2ncia de o STF adotar postura de autoconten\u00e7\u00e3o, evitando decis\u00f5es que possam ser interpretadas como ativismo judicial. Segundo ele, nenhum dos poderes da Rep\u00fablica deve concentrar para si a primeira e a \u00faltima palavra sobre todos os temas em discuss\u00e3o no pa\u00eds.<\/p>\n\n\n\n<figure class=\"wp-block-embed is-type-video is-provider-youtube wp-block-embed-youtube wp-embed-aspect-16-9 wp-has-aspect-ratio\"><div class=\"wp-block-embed__wrapper\">\n<iframe loading=\"lazy\" title=\"Almo\u00e7o Empresarial LIDE com Andr\u00e9 Mendon\u00e7a | \u00cdNTEGRA\" width=\"630\" height=\"354\" src=\"https:\/\/www.youtube.com\/embed\/C8hfBWUHzSc?start=4222&#038;feature=oembed\" frameborder=\"0\" allow=\"accelerometer; autoplay; clipboard-write; encrypted-media; gyroscope; picture-in-picture; web-share\" referrerpolicy=\"strict-origin-when-cross-origin\" allowfullscreen><\/iframe>\n<\/div><\/figure>\n","protected":false},"excerpt":{"rendered":"<p>Durante almo\u00e7o promovido pelo grupo empresarial&nbsp;Lide, em S\u00e3o Paulo, nesta segunda-feira, 17, o ministro do Supremo Tribunal Federal (STF) Andr\u00e9 Mendon\u00e7a afirmou que o Brasil est\u00e1 \u201cdoente e enfermo\u201d. Na avalia\u00e7\u00e3o do magistrado, o pa\u00eds atravessa um processo de deteriora\u00e7\u00e3o institucional e de inseguran\u00e7a jur\u00eddica, em um cen\u00e1rio marcado pelo avan\u00e7o do crime organizado. \u201cSabe [&hellip;]<\/p>\n","protected":false},"author":2,"featured_media":22582,"comment_status":"open","ping_status":"open","sticky":false,"template":"","format":"standard","meta":[],"categories":[10],"tags":[13],"_links":{"self":[{"href":"https:\/\/dgospel.com.br\/portal\/index.php\/wp-json\/wp\/v2\/posts\/22581"}],"collection":[{"href":"https:\/\/dgospel.com.br\/portal\/index.php\/wp-json\/wp\/v2\/posts"}],"about":[{"href":"https:\/\/dgospel.com.br\/portal\/index.php\/wp-json\/wp\/v2\/types\/post"}],"author":[{"embeddable":true,"href":"https:\/\/dgospel.com.br\/portal\/index.php\/wp-json\/wp\/v2\/users\/2"}],"replies":[{"embeddable":true,"href":"https:\/\/dgospel.com.br\/portal\/index.php\/wp-json\/wp\/v2\/comments?post=22581"}],"version-history":[{"count":1,"href":"https:\/\/dgospel.com.br\/portal\/index.php\/wp-json\/wp\/v2\/posts\/22581\/revisions"}],"predecessor-version":[{"id":22583,"href":"https:\/\/dgospel.com.br\/portal\/index.php\/wp-json\/wp\/v2\/posts\/22581\/revisions\/22583"}],"wp:featuredmedia":[{"embeddable":true,"href":"https:\/\/dgospel.com.br\/portal\/index.php\/wp-json\/wp\/v2\/media\/22582"}],"wp:attachment":[{"href":"https:\/\/dgospel.com.br\/portal\/index.php\/wp-json\/wp\/v2\/media?parent=22581"}],"wp:term":[{"taxonomy":"category","embeddable":true,"href":"https:\/\/dgospel.com.br\/portal\/index.php\/wp-json\/wp\/v2\/categories?post=22581"},{"taxonomy":"post_tag","embeddable":true,"href":"https:\/\/dgospel.com.br\/portal\/index.php\/wp-json\/wp\/v2\/tags?post=22581"}],"curies":[{"name":"wp","href":"https:\/\/api.w.org\/{rel}","templated":true}]}}