{"id":22584,"date":"2025-11-21T12:08:35","date_gmt":"2025-11-21T15:08:35","guid":{"rendered":"https:\/\/dgospel.com.br\/portal\/?p=22584"},"modified":"2025-11-21T12:08:36","modified_gmt":"2025-11-21T15:08:36","slug":"dia-municipal-de-denuncia-contra-o-racismo-e-instituido-por-lei-em-palmas","status":"publish","type":"post","link":"https:\/\/dgospel.com.br\/portal\/index.php\/2025\/11\/21\/dia-municipal-de-denuncia-contra-o-racismo-e-instituido-por-lei-em-palmas\/","title":{"rendered":"Dia Municipal de Den\u00fancia contra o Racismo \u00e9 institu\u00eddo por lei em Palmas"},"content":{"rendered":"\n<p>O dia 13 de maio passa a ser denominado Dia Municipal de Den\u00fancia contra o Racismo no Munic\u00edpio de Palmas. A defini\u00e7\u00e3o foi institu\u00edda no&nbsp;<a href=\"http:\/\/chrome-extension\/\/efaidnbmnnnibpcajpcglclefindmkaj\/http:\/\/diariooficial.palmas.to.gov.br\/media\/diario\/3841-19-11-2025-20-38-1.pdf\" target=\"_blank\" rel=\"noreferrer noopener\">Di\u00e1rio Oficial do Munic\u00edpio desta quarta-feira, 19 de novembro<\/a>, v\u00e9spera do feriado nacional do Dia da Consci\u00eancia Negra, quando o prefeito Eduardo Siqueira Campos sancionou lei de autoria da C\u00e2mara Municipal.&nbsp;<\/p>\n\n\n\n<p>\u201cA cria\u00e7\u00e3o da Secretaria de Igualdade Racial e Direitos Humanos foi um marco da nossa gest\u00e3o, porque simboliza o compromisso real de Palmas com a dignidade e o respeito. E \u00e9 com a mesma convic\u00e7\u00e3o que acolhemos a iniciativa da vereadora Thamires do Coletivo Somos, que institui o Dia Municipal de Den\u00fancia contra o Racismo. Cada passo como este fortalece nossa cidade na luta por justi\u00e7a, reconhecimento e pela constru\u00e7\u00e3o de uma Palmas onde todos possam viver com orgulho de quem s\u00e3o.\u201d<\/p>\n\n\n\n<p>A Lei n\u00ba 3.309 tem como objetivos principais \u201cpromover a reflex\u00e3o sobre o racismo estrutural, institucional e interpessoal; incentivar a postura antirracista na sociedade palmense, estimulando a cidadania e o respeito \u00e0 diversidade \u00e9tnico-racial e fomentar a\u00e7\u00f5es de combate ao preconceito racial e \u00e0 discrimina\u00e7\u00e3o, fortalecendo a cultura de direitos humanos no Munic\u00edpio\u201d.&nbsp;<\/p>\n\n\n\n<p>As celebra\u00e7\u00f5es alusivas ao Dia Municipal de Den\u00fancia contra o Racismo, conforme fixa a nova legisla\u00e7\u00e3o, podem constar de atividades como \u201crodas de conversa, semin\u00e1rios, oficinas e palestras sobre rela\u00e7\u00f5es raciais, direitos humanos, antirracismo e combate \u00e0s discrimina\u00e7\u00f5es\u201d, al\u00e9m de campanhas educativas e culturais que trabalhem o enfrentamento ao racismo. Tamb\u00e9m s\u00e3o elencadas como proposi\u00e7\u00f5es de programa\u00e7\u00e3o, concursos, exposi\u00e7\u00f5es, mostras e atividades art\u00edsticas que \u201cenalte\u00e7am a est\u00e9tica, os saberes e as tradi\u00e7\u00f5es da cultura afrobrasileira\u201d.&nbsp;<\/p>\n\n\n\n<p><strong>Gest\u00e3o<\/strong><\/p>\n\n\n\n<p>A Secretaria de Igualdade Racial e Direitos Humanos \u00e9 uma das iniciativas do Munic\u00edpio que fomentam essa pr\u00e1tica. Criada a partir da Lei n\u00ba 3.053, a pasta<strong>&nbsp;<\/strong>tem a fun\u00e7\u00e3o de articular pol\u00edticas de igualdade racial e atua efetivamente em diversas frentes, tais como gera\u00e7\u00e3o de oportunidades de trabalho, prote\u00e7\u00e3o social, sa\u00fade, educa\u00e7\u00e3o, cultura, interc\u00e2mbio e coopera\u00e7\u00e3o com entidades e institui\u00e7\u00f5es p\u00fablicas ou privadas.<\/p>\n","protected":false},"excerpt":{"rendered":"<p>O dia 13 de maio passa a ser denominado Dia Municipal de Den\u00fancia contra o Racismo no Munic\u00edpio de Palmas. A defini\u00e7\u00e3o foi institu\u00edda no&nbsp;Di\u00e1rio Oficial do Munic\u00edpio desta quarta-feira, 19 de novembro, v\u00e9spera do feriado nacional do Dia da Consci\u00eancia Negra, quando o prefeito Eduardo Siqueira Campos sancionou lei de autoria da C\u00e2mara Municipal.&nbsp; [&hellip;]<\/p>\n","protected":false},"author":2,"featured_media":22585,"comment_status":"open","ping_status":"open","sticky":false,"template":"","format":"standard","meta":[],"categories":[3],"tags":[13],"_links":{"self":[{"href":"https:\/\/dgospel.com.br\/portal\/index.php\/wp-json\/wp\/v2\/posts\/22584"}],"collection":[{"href":"https:\/\/dgospel.com.br\/portal\/index.php\/wp-json\/wp\/v2\/posts"}],"about":[{"href":"https:\/\/dgospel.com.br\/portal\/index.php\/wp-json\/wp\/v2\/types\/post"}],"author":[{"embeddable":true,"href":"https:\/\/dgospel.com.br\/portal\/index.php\/wp-json\/wp\/v2\/users\/2"}],"replies":[{"embeddable":true,"href":"https:\/\/dgospel.com.br\/portal\/index.php\/wp-json\/wp\/v2\/comments?post=22584"}],"version-history":[{"count":1,"href":"https:\/\/dgospel.com.br\/portal\/index.php\/wp-json\/wp\/v2\/posts\/22584\/revisions"}],"predecessor-version":[{"id":22586,"href":"https:\/\/dgospel.com.br\/portal\/index.php\/wp-json\/wp\/v2\/posts\/22584\/revisions\/22586"}],"wp:featuredmedia":[{"embeddable":true,"href":"https:\/\/dgospel.com.br\/portal\/index.php\/wp-json\/wp\/v2\/media\/22585"}],"wp:attachment":[{"href":"https:\/\/dgospel.com.br\/portal\/index.php\/wp-json\/wp\/v2\/media?parent=22584"}],"wp:term":[{"taxonomy":"category","embeddable":true,"href":"https:\/\/dgospel.com.br\/portal\/index.php\/wp-json\/wp\/v2\/categories?post=22584"},{"taxonomy":"post_tag","embeddable":true,"href":"https:\/\/dgospel.com.br\/portal\/index.php\/wp-json\/wp\/v2\/tags?post=22584"}],"curies":[{"name":"wp","href":"https:\/\/api.w.org\/{rel}","templated":true}]}}