{"id":22593,"date":"2025-11-26T18:44:38","date_gmt":"2025-11-26T21:44:38","guid":{"rendered":"https:\/\/dgospel.com.br\/portal\/?p=22593"},"modified":"2025-11-26T18:44:40","modified_gmt":"2025-11-26T21:44:40","slug":"historico-aprovado-projeto-de-gipao-que-cria-a-regiao-metropolitana-de-araguaina","status":"publish","type":"post","link":"https:\/\/dgospel.com.br\/portal\/index.php\/2025\/11\/26\/historico-aprovado-projeto-de-gipao-que-cria-a-regiao-metropolitana-de-araguaina\/","title":{"rendered":"Hist\u00f3rico:  Aprovado projeto de Gip\u00e3o que cria a Regi\u00e3o Metropolitana de Aragua\u00edna"},"content":{"rendered":"\n<p>A Assembleia Legislativa do Tocantins aprovou, nesta ter\u00e7a-feira, por 13 votos favor\u00e1veis, o Projeto de Lei Complementar que cria a Regi\u00e3o Metropolitana de Aragua\u00edna, pauta de iniciativa do deputado estadual Gip\u00e3o (PL). O projeto avan\u00e7a para san\u00e7\u00e3o do governo.<\/p>\n\n\n\n<p>A aprova\u00e7\u00e3o representa um marco para o norte do estado e consolida um dos maiores projetos estruturantes da hist\u00f3ria recente do Tocantins, ap\u00f3s forte articula\u00e7\u00e3o e di\u00e1logo do parlamentar com os munic\u00edpios envolvidos.<\/p>\n\n\n\n<p>A proposta organiza um conjunto de munic\u00edpios que, juntos, formam uma das regi\u00f5es mais din\u00e2micas do estado. A medida permitir\u00e1 ampliar investimentos, otimizar servi\u00e7os p\u00fablicos, melhorar o planejamento urbano e fortalecer pol\u00edticas de mobilidade, sa\u00fade, seguran\u00e7a e infraestrutura.<\/p>\n\n\n\n<p>\u201cA aprova\u00e7\u00e3o do nosso PL que cria a Regi\u00e3o Metropolitana \u00e9 uma vit\u00f3ria constru\u00edda com di\u00e1logo, trabalho e muita responsabilidade. Levantamos essa bandeira porque conhecemos a for\u00e7a da nossa regi\u00e3o e sabemos que, com uni\u00e3o, podemos ir ainda mais longe. Agora, contamos com a sensibilidade do Governo do Estado, que conhece a magnitude e a import\u00e2ncia deste projeto. Se sancionado, ele vai abrir portas para novos investimentos, fortalecer nossos munic\u00edpios e impulsionar de forma definitiva o progresso da nossa gente. E ser\u00e1 uma conquista do povo\u201d, afirmou o deputado Gip\u00e3o.<\/p>\n\n\n\n<p>Mudan\u00e7as<\/p>\n\n\n\n<p>A propositura desencadeia uma s\u00e9rie de mudan\u00e7as positivas para os munic\u00edpios da regi\u00e3o:<\/p>\n\n\n\n<p>Planejamento regional integrado para enfrentar desafios comuns;<\/p>\n\n\n\n<p>Melhoria da mobilidade urbana e do transporte intermunicipal;<\/p>\n\n\n\n<p>Gest\u00e3o coordenada em \u00e1reas como sa\u00fade, saneamento, seguran\u00e7a e uso do solo;<\/p>\n\n\n\n<p>Otimiza\u00e7\u00e3o dos recursos p\u00fablicos por meio da coopera\u00e7\u00e3o entre munic\u00edpios;<\/p>\n\n\n\n<p>Atra\u00e7\u00e3o de investimentos e fortalecimento da economia;<\/p>\n\n\n\n<p>Redu\u00e7\u00e3o das desigualdades regionais.<\/p>\n\n\n\n<p>Com a consolida\u00e7\u00e3o da Regi\u00e3o Metropolitana de Aragua\u00edna, o Tocantins passa a contar com um novo instrumento de desenvolvimento capaz de transformar realidades, ampliar oportunidades e garantir avan\u00e7os duradouros.<\/p>\n","protected":false},"excerpt":{"rendered":"<p>A Assembleia Legislativa do Tocantins aprovou, nesta ter\u00e7a-feira, por 13 votos favor\u00e1veis, o Projeto de Lei Complementar que cria a Regi\u00e3o Metropolitana de Aragua\u00edna, pauta de iniciativa do deputado estadual Gip\u00e3o (PL). O projeto avan\u00e7a para san\u00e7\u00e3o do governo. A aprova\u00e7\u00e3o representa um marco para o norte do estado e consolida um dos maiores projetos [&hellip;]<\/p>\n","protected":false},"author":2,"featured_media":22594,"comment_status":"open","ping_status":"open","sticky":false,"template":"","format":"standard","meta":[],"categories":[8],"tags":[],"_links":{"self":[{"href":"https:\/\/dgospel.com.br\/portal\/index.php\/wp-json\/wp\/v2\/posts\/22593"}],"collection":[{"href":"https:\/\/dgospel.com.br\/portal\/index.php\/wp-json\/wp\/v2\/posts"}],"about":[{"href":"https:\/\/dgospel.com.br\/portal\/index.php\/wp-json\/wp\/v2\/types\/post"}],"author":[{"embeddable":true,"href":"https:\/\/dgospel.com.br\/portal\/index.php\/wp-json\/wp\/v2\/users\/2"}],"replies":[{"embeddable":true,"href":"https:\/\/dgospel.com.br\/portal\/index.php\/wp-json\/wp\/v2\/comments?post=22593"}],"version-history":[{"count":1,"href":"https:\/\/dgospel.com.br\/portal\/index.php\/wp-json\/wp\/v2\/posts\/22593\/revisions"}],"predecessor-version":[{"id":22595,"href":"https:\/\/dgospel.com.br\/portal\/index.php\/wp-json\/wp\/v2\/posts\/22593\/revisions\/22595"}],"wp:featuredmedia":[{"embeddable":true,"href":"https:\/\/dgospel.com.br\/portal\/index.php\/wp-json\/wp\/v2\/media\/22594"}],"wp:attachment":[{"href":"https:\/\/dgospel.com.br\/portal\/index.php\/wp-json\/wp\/v2\/media?parent=22593"}],"wp:term":[{"taxonomy":"category","embeddable":true,"href":"https:\/\/dgospel.com.br\/portal\/index.php\/wp-json\/wp\/v2\/categories?post=22593"},{"taxonomy":"post_tag","embeddable":true,"href":"https:\/\/dgospel.com.br\/portal\/index.php\/wp-json\/wp\/v2\/tags?post=22593"}],"curies":[{"name":"wp","href":"https:\/\/api.w.org\/{rel}","templated":true}]}}