{"id":22596,"date":"2025-11-27T08:08:20","date_gmt":"2025-11-27T11:08:20","guid":{"rendered":"https:\/\/dgospel.com.br\/portal\/?p=22596"},"modified":"2025-11-27T08:08:21","modified_gmt":"2025-11-27T11:08:21","slug":"prefeitura-de-palmas-realiza-ultima-edicao-de-2025-da-oficina-terca-empreendedora","status":"publish","type":"post","link":"https:\/\/dgospel.com.br\/portal\/index.php\/2025\/11\/27\/prefeitura-de-palmas-realiza-ultima-edicao-de-2025-da-oficina-terca-empreendedora\/","title":{"rendered":"Prefeitura de Palmas realiza \u00faltima edi\u00e7\u00e3o de 2025 da oficina Ter\u00e7a Empreendedora"},"content":{"rendered":"\n<p>A Prefeitura de Palmas realiza, no dia 2 de dezembro, a \u00faltima edi\u00e7\u00e3o de 2025 da oficina Ter\u00e7a Empreendedora, promovida pela Secretaria Municipal de Desenvolvimento Econ\u00f4mico e Empreendedorismo (Sedeem). O treinamento, voltado a microempreendedores e pessoas interessadas em abrir um neg\u00f3cio, ser\u00e1 realizado na Casa do Empreendedor, na 104 Norte.<\/p>\n\n\n\n<p>A oficina \u00e9 totalmente gratuita, com inscri\u00e7\u00e3o pr\u00e9via para melhor organiza\u00e7\u00e3o e atendimento aos participantes. O tema da vez \u00e9 \u2018Fa\u00e7a vitrines para atrair clientes e vender mais\u2019, que ministrada pelo Sebrae, oferece orienta\u00e7\u00f5es pr\u00e1ticas para quem deseja melhorar a apresenta\u00e7\u00e3o dos produtos, fortalecer a imagem do pr\u00f3prio neg\u00f3cio e aumentar as vendas a partir de estrat\u00e9gias eficientes.<\/p>\n\n\n\n<p>O secret\u00e1rio de Desenvolvimento Econ\u00f4mico e Empreendedorismo, Henrique Nesello, destaca o empenho da gest\u00e3o municipal em apoiar quem empreende.<\/p>\n\n\n\n<p>\u201cAo longo do ano, as oficinas da Ter\u00e7a Empreendedora contribu\u00edram para a forma\u00e7\u00e3o de dezenas de microempreendedores, incentivando o desenvolvimento econ\u00f4mico local e ampliando oportunidades de crescimento, de forma acess\u00edvel e gratuita, com resultados vistos na pr\u00e1tica, com Palmas alcan\u00e7ando os melhores \u00edndices de emprego e renda.\u201d<\/p>\n\n\n\n<p>A Prefeitura refor\u00e7a o convite para que todos participem desta \u00faltima edi\u00e7\u00e3o e aproveitem a chance de aprender, trocar experi\u00eancias e impulsionar seus projetos. As inscri\u00e7\u00f5es podem ser realizadas neste link.<\/p>\n","protected":false},"excerpt":{"rendered":"<p>A Prefeitura de Palmas realiza, no dia 2 de dezembro, a \u00faltima edi\u00e7\u00e3o de 2025 da oficina Ter\u00e7a Empreendedora, promovida pela Secretaria Municipal de Desenvolvimento Econ\u00f4mico e Empreendedorismo (Sedeem). O treinamento, voltado a microempreendedores e pessoas interessadas em abrir um neg\u00f3cio, ser\u00e1 realizado na Casa do Empreendedor, na 104 Norte. A oficina \u00e9 totalmente gratuita, [&hellip;]<\/p>\n","protected":false},"author":2,"featured_media":22597,"comment_status":"open","ping_status":"open","sticky":false,"template":"","format":"standard","meta":[],"categories":[3],"tags":[13],"_links":{"self":[{"href":"https:\/\/dgospel.com.br\/portal\/index.php\/wp-json\/wp\/v2\/posts\/22596"}],"collection":[{"href":"https:\/\/dgospel.com.br\/portal\/index.php\/wp-json\/wp\/v2\/posts"}],"about":[{"href":"https:\/\/dgospel.com.br\/portal\/index.php\/wp-json\/wp\/v2\/types\/post"}],"author":[{"embeddable":true,"href":"https:\/\/dgospel.com.br\/portal\/index.php\/wp-json\/wp\/v2\/users\/2"}],"replies":[{"embeddable":true,"href":"https:\/\/dgospel.com.br\/portal\/index.php\/wp-json\/wp\/v2\/comments?post=22596"}],"version-history":[{"count":1,"href":"https:\/\/dgospel.com.br\/portal\/index.php\/wp-json\/wp\/v2\/posts\/22596\/revisions"}],"predecessor-version":[{"id":22598,"href":"https:\/\/dgospel.com.br\/portal\/index.php\/wp-json\/wp\/v2\/posts\/22596\/revisions\/22598"}],"wp:featuredmedia":[{"embeddable":true,"href":"https:\/\/dgospel.com.br\/portal\/index.php\/wp-json\/wp\/v2\/media\/22597"}],"wp:attachment":[{"href":"https:\/\/dgospel.com.br\/portal\/index.php\/wp-json\/wp\/v2\/media?parent=22596"}],"wp:term":[{"taxonomy":"category","embeddable":true,"href":"https:\/\/dgospel.com.br\/portal\/index.php\/wp-json\/wp\/v2\/categories?post=22596"},{"taxonomy":"post_tag","embeddable":true,"href":"https:\/\/dgospel.com.br\/portal\/index.php\/wp-json\/wp\/v2\/tags?post=22596"}],"curies":[{"name":"wp","href":"https:\/\/api.w.org\/{rel}","templated":true}]}}