{"id":22599,"date":"2025-12-01T11:31:49","date_gmt":"2025-12-01T14:31:49","guid":{"rendered":"https:\/\/dgospel.com.br\/portal\/?p=22599"},"modified":"2025-12-01T11:31:50","modified_gmt":"2025-12-01T14:31:50","slug":"deputado-gipao-homenageia-personalidades-com-titulos-honorificos-durante-sessao-solene-na-assembleia-legislativa","status":"publish","type":"post","link":"https:\/\/dgospel.com.br\/portal\/index.php\/2025\/12\/01\/deputado-gipao-homenageia-personalidades-com-titulos-honorificos-durante-sessao-solene-na-assembleia-legislativa\/","title":{"rendered":"Deputado Gip\u00e3o homenageia personalidades com T\u00edtulos Honor\u00edficos durante Sess\u00e3o Solene na Assembleia Legislativa"},"content":{"rendered":"\n<p>Durante Sess\u00e3o Solene realizada nesta quinta-feira (27), o deputado Gip\u00e3o (PL) homenageou nove personalidades com o T\u00edtulo de Cidad\u00e3o Tocantinense e o T\u00edtulo de Cidad\u00e3o Benem\u00e9rito Senador Jo\u00e3o Ribeiro, honrarias concedidas pela Assembleia Legislativa como forma de reconhecer trajet\u00f3rias marcantes e contribui\u00e7\u00f5es relevantes para o desenvolvimento do Estado.<\/p>\n\n\n\n<p>A sess\u00e3o, realizada anualmente, \u00e9 considerada uma das solenidades mais importantes do Parlamento Estadual. O evento re\u00fane pessoas de diversas regi\u00f5es do Tocantins que, de maneira decisiva, colaboram para o crescimento econ\u00f4mico, social, cultural, pol\u00edtico, religioso e administrativo do Estado.<\/p>\n\n\n\n<hr class=\"wp-block-separator has-alpha-channel-opacity\"\/>\n\n\n\n<p>Homenageados pelo deputado Gip\u00e3o<\/p>\n\n\n\n<p>T\u00edtulo de Cidad\u00e3o Tocantinense<\/p>\n\n\n\n<ul><li>Sebasti\u00e3o Tertuliano Filho<\/li><li>Guaracy Batista da Silveira<\/li><li>Washington Lu\u00eds Ara\u00fajo Almeida<\/li><li>Wagner Martins Borges<\/li><\/ul>\n\n\n\n<p>T\u00edtulo de Cidad\u00e3o Benem\u00e9rito Senador Jo\u00e3o Ribeiro<\/p>\n\n\n\n<ul><li>Edna Carneiro dos Santos Nascimento<\/li><li>Pastor Jurandi Oliveira Souza<\/li><li>Pastor Claudemir Lopes<\/li><li>Edivan Bezerra Martins<\/li><li>Pastor Gilberto Ferreira Santos<\/li><\/ul>\n\n\n\n<hr class=\"wp-block-separator has-alpha-channel-opacity\"\/>\n\n\n\n<p>Um gesto que simboliza pertencimento<\/p>\n\n\n\n<p>O deputado Gip\u00e3o ressaltou a import\u00e2ncia da solenidade e comparou o gesto de concess\u00e3o dos t\u00edtulos a uma esp\u00e9cie de \u201cado\u00e7\u00e3o oficial\u201d pelo Estado.<\/p>\n\n\n\n<blockquote class=\"wp-block-quote\"><p>\u201cO que est\u00e1 acontecendo aqui hoje \u00e9 muito importante. Muitos desses homenageados vieram de outros Estados e cravaram suas ra\u00edzes no Tocantins, contribuindo para o florescimento da nossa terra. Podemos cham\u00e1-los de irm\u00e3os. Tamb\u00e9m reconhecemos tocantinenses de nascimento que se destacaram em suas \u00e1reas. Esses dois grupos, os tocantinenses de nascimento e os tocantinenses de cora\u00e7\u00e3o, merecem nosso respeito e admira\u00e7\u00e3o, pois usam sua for\u00e7a e vigor de forma honrada para fazer nosso Tocantins avan\u00e7ar a cada dia. Esses t\u00edtulos s\u00e3o uma forma sincera de dizer muito obrigado.\u201d, destacou o deputado.<\/p><\/blockquote>\n\n\n\n<hr class=\"wp-block-separator has-alpha-channel-opacity\"\/>\n\n\n\n<p>Sobre o T\u00edtulo de Cidad\u00e3o Tocantinense<\/p>\n\n\n\n<p>A honraria \u00e9 concedida a pessoas que, mesmo n\u00e3o tendo nascido ou residindo no Tocantins, prestaram relevantes servi\u00e7os ao Estado, demonstrando esp\u00edrito p\u00fablico e compromisso com o bem comum. Ao receberem o t\u00edtulo, passam a ser reconhecidas como \u201cfilhas da terra\u201d, tornando-se simbolicamente conterr\u00e2neas do povo tocantinense.<\/p>\n\n\n\n<hr class=\"wp-block-separator has-alpha-channel-opacity\"\/>\n\n\n\n<p>Sobre o T\u00edtulo de Cidad\u00e3o Benem\u00e9rito Senador Jo\u00e3o Ribeiro<\/p>\n\n\n\n<p>Regulamentado pela Lei n\u00ba 3.711, o t\u00edtulo \u00e9 destinado a tocantinenses que se destacam nas \u00e1reas pol\u00edtica, cultural, educacional, econ\u00f4mica, art\u00edstica, esportiva, social, jur\u00eddica e em outras atividades consideradas de relevante benef\u00edcio para o Estado e para a sociedade. A homenagem valoriza trajet\u00f3rias que contribuem de maneira not\u00e1vel para o desenvolvimento humano e social do Tocantins.<\/p>\n","protected":false},"excerpt":{"rendered":"<p>Durante Sess\u00e3o Solene realizada nesta quinta-feira (27), o deputado Gip\u00e3o (PL) homenageou nove personalidades com o T\u00edtulo de Cidad\u00e3o Tocantinense e o T\u00edtulo de Cidad\u00e3o Benem\u00e9rito Senador Jo\u00e3o Ribeiro, honrarias concedidas pela Assembleia Legislativa como forma de reconhecer trajet\u00f3rias marcantes e contribui\u00e7\u00f5es relevantes para o desenvolvimento do Estado. A sess\u00e3o, realizada anualmente, \u00e9 considerada uma [&hellip;]<\/p>\n","protected":false},"author":2,"featured_media":22600,"comment_status":"open","ping_status":"open","sticky":false,"template":"","format":"standard","meta":[],"categories":[8],"tags":[],"_links":{"self":[{"href":"https:\/\/dgospel.com.br\/portal\/index.php\/wp-json\/wp\/v2\/posts\/22599"}],"collection":[{"href":"https:\/\/dgospel.com.br\/portal\/index.php\/wp-json\/wp\/v2\/posts"}],"about":[{"href":"https:\/\/dgospel.com.br\/portal\/index.php\/wp-json\/wp\/v2\/types\/post"}],"author":[{"embeddable":true,"href":"https:\/\/dgospel.com.br\/portal\/index.php\/wp-json\/wp\/v2\/users\/2"}],"replies":[{"embeddable":true,"href":"https:\/\/dgospel.com.br\/portal\/index.php\/wp-json\/wp\/v2\/comments?post=22599"}],"version-history":[{"count":1,"href":"https:\/\/dgospel.com.br\/portal\/index.php\/wp-json\/wp\/v2\/posts\/22599\/revisions"}],"predecessor-version":[{"id":22601,"href":"https:\/\/dgospel.com.br\/portal\/index.php\/wp-json\/wp\/v2\/posts\/22599\/revisions\/22601"}],"wp:featuredmedia":[{"embeddable":true,"href":"https:\/\/dgospel.com.br\/portal\/index.php\/wp-json\/wp\/v2\/media\/22600"}],"wp:attachment":[{"href":"https:\/\/dgospel.com.br\/portal\/index.php\/wp-json\/wp\/v2\/media?parent=22599"}],"wp:term":[{"taxonomy":"category","embeddable":true,"href":"https:\/\/dgospel.com.br\/portal\/index.php\/wp-json\/wp\/v2\/categories?post=22599"},{"taxonomy":"post_tag","embeddable":true,"href":"https:\/\/dgospel.com.br\/portal\/index.php\/wp-json\/wp\/v2\/tags?post=22599"}],"curies":[{"name":"wp","href":"https:\/\/api.w.org\/{rel}","templated":true}]}}