{"id":226,"date":"2018-05-17T23:32:17","date_gmt":"2018-05-18T02:32:17","guid":{"rendered":"http:\/\/dgospel.com.br\/portal\/?p=226"},"modified":"2018-05-17T23:32:17","modified_gmt":"2018-05-18T02:32:17","slug":"governador-mauro-carlesse-determina-retomada-das-obras-da-avenida-ns-15-em-palmas","status":"publish","type":"post","link":"https:\/\/dgospel.com.br\/portal\/index.php\/2018\/05\/17\/governador-mauro-carlesse-determina-retomada-das-obras-da-avenida-ns-15-em-palmas\/","title":{"rendered":"Governador Mauro Carlesse determina retomada das obras da avenida NS-15, em Palmas"},"content":{"rendered":"<p>O governador interino, Mauro Carlesse, determinou \u00e0 Secretaria da Infraestrutura, Habita\u00e7\u00e3o e Servi\u00e7os P\u00fablicos (Seinfra), a retomada das obras de terraplenagem e pavimenta\u00e7\u00e3o asf\u00e1ltica na avenida NS-15, em Palmas. Os trabalhos ser\u00e3o reiniciados nos pr\u00f3ximos dias. A determina\u00e7\u00e3o do governador acontece um dia ap\u00f3s reuni\u00e3o com moradores da regi\u00e3o norte da capital, que reivindicaram a conclus\u00e3o da obra, paralisada no final do ano passado.<\/p>\n<p>\u201cEsse \u00e9 meu jeito de trabalhar. Se temos o planejamento, os recursos e a necessidade da obra, vamos fazer. A popula\u00e7\u00e3o n\u00e3o pode ficar esperando tanto tempo por uma obra t\u00e3o importante como essa. Meu objetivo \u00e9 esse, organizar\u00a0\u00a0o Estado. Por isso reduzi despesas, para que pud\u00e9ssemos fazer obras, movimentar a economia e melhorar a vida das pessoas\u201d, declarou Mauro Carlesse.<\/p>\n<p>De acordo com informa\u00e7\u00f5es da Seinfra, o valor do contrato \u00e9 de R$ 129 milh\u00f5es. Metade deste valor \u00e9 de um financiamento com da Caixa Econ\u00f4mica Federal e a outra metade de recursos do Tesouro Estadual.<\/p>\n<p>A obra &#8211; que vai ligar as avenidas NS-15 e LO-13 \u00e0s TO\u2019s 050, 010 e 080 \u2013 tem como objetivo melhorar o acesso \u00e0s universidades p\u00fablicas na Capital e \u00e0s praias da regi\u00e3o central, bem como desviar o tr\u00e1fego de cargas pesadas do centro da cidade. Trata-se, portanto, de uma al\u00e7a vi\u00e1ria de aproximadamente 17 quil\u00f4metros, dos quais 14 s\u00e3o de pista dupla.<\/p>\n<p>Os servi\u00e7os da NS-15 englobam desde a terraplenagem; passando pela pavimenta\u00e7\u00e3o asf\u00e1ltica; constru\u00e7\u00e3o de duas pontes de concreto armado cada uma com 66 metros de comprimento e 14 metros de largura; uma galeria tripla de 68 metros de comprimento; restaura\u00e7\u00e3o de pavimenta\u00e7\u00e3o; sinaliza\u00e7\u00e3o; passeios com acessibilidade; urbaniza\u00e7\u00e3o; cal\u00e7ada para pedestre; drenagem de \u00e1guas pluviais; ciclovia e ilumina\u00e7\u00e3o p\u00fablica.<\/p>\n<p>De acordo com o projeto ser\u00e3o terraplanados e pavimentados trechos que v\u00e3o desde o entroncamento da Rodovia TO-010 (Quadra 512 Norte) at\u00e9 a LO-13 (Quadra 609 Sul). O asfalto na LO-13 ser\u00e1 da Avenida NS-15 (Quadra 609 Sul) at\u00e9 a Avenida NS-05 (Quadra 605 Sul).<\/p>\n<p>&nbsp;<\/p>\n","protected":false},"excerpt":{"rendered":"<p>O governador interino, Mauro Carlesse, determinou \u00e0 Secretaria da Infraestrutura, Habita\u00e7\u00e3o e Servi\u00e7os P\u00fablicos (Seinfra), a retomada das obras de terraplenagem e pavimenta\u00e7\u00e3o asf\u00e1ltica na avenida NS-15, em Palmas. Os trabalhos ser\u00e3o reiniciados nos pr\u00f3ximos dias. A determina\u00e7\u00e3o do governador acontece um dia ap\u00f3s reuni\u00e3o com moradores da regi\u00e3o norte da capital, que reivindicaram a [&hellip;]<\/p>\n","protected":false},"author":2,"featured_media":227,"comment_status":"open","ping_status":"open","sticky":false,"template":"","format":"standard","meta":[],"categories":[2,3],"tags":[],"_links":{"self":[{"href":"https:\/\/dgospel.com.br\/portal\/index.php\/wp-json\/wp\/v2\/posts\/226"}],"collection":[{"href":"https:\/\/dgospel.com.br\/portal\/index.php\/wp-json\/wp\/v2\/posts"}],"about":[{"href":"https:\/\/dgospel.com.br\/portal\/index.php\/wp-json\/wp\/v2\/types\/post"}],"author":[{"embeddable":true,"href":"https:\/\/dgospel.com.br\/portal\/index.php\/wp-json\/wp\/v2\/users\/2"}],"replies":[{"embeddable":true,"href":"https:\/\/dgospel.com.br\/portal\/index.php\/wp-json\/wp\/v2\/comments?post=226"}],"version-history":[{"count":1,"href":"https:\/\/dgospel.com.br\/portal\/index.php\/wp-json\/wp\/v2\/posts\/226\/revisions"}],"predecessor-version":[{"id":228,"href":"https:\/\/dgospel.com.br\/portal\/index.php\/wp-json\/wp\/v2\/posts\/226\/revisions\/228"}],"wp:featuredmedia":[{"embeddable":true,"href":"https:\/\/dgospel.com.br\/portal\/index.php\/wp-json\/wp\/v2\/media\/227"}],"wp:attachment":[{"href":"https:\/\/dgospel.com.br\/portal\/index.php\/wp-json\/wp\/v2\/media?parent=226"}],"wp:term":[{"taxonomy":"category","embeddable":true,"href":"https:\/\/dgospel.com.br\/portal\/index.php\/wp-json\/wp\/v2\/categories?post=226"},{"taxonomy":"post_tag","embeddable":true,"href":"https:\/\/dgospel.com.br\/portal\/index.php\/wp-json\/wp\/v2\/tags?post=226"}],"curies":[{"name":"wp","href":"https:\/\/api.w.org\/{rel}","templated":true}]}}