{"id":2260,"date":"2019-01-09T17:05:06","date_gmt":"2019-01-09T19:05:06","guid":{"rendered":"http:\/\/dgospel.com.br\/portal\/?p=2260"},"modified":"2019-01-09T17:05:06","modified_gmt":"2019-01-09T19:05:06","slug":"prefeito-de-novo-acordo-e-baleado-na-cabeca","status":"publish","type":"post","link":"https:\/\/dgospel.com.br\/portal\/index.php\/2019\/01\/09\/prefeito-de-novo-acordo-e-baleado-na-cabeca\/","title":{"rendered":"Prefeito de Novo Acordo \u00e9 baleado na cabe\u00e7a"},"content":{"rendered":"<p class=\"content-textcontainer\" style=\"margin: 0cm; margin-bottom: .0001pt; background: white; vertical-align: baseline;\"><span style=\"font-family: 'Helvetica','sans-serif'; color: #333333;\">O prefeito de Novo Acordo, <\/span><span style=\"font-size: 13.5pt; font-family: 'Roboto','serif'; color: #222222; background: white;\">Elson Lino de Aguiar Filho, o Dotozim (MDB), 57 anos<\/span><span style=\"font-family: 'Helvetica','sans-serif'; color: #333333;\">, foi baleado na cabe\u00e7a na tarde desta quarta-feira (9). Ele foi levado para a Unidade de Pronto Atendimento da cidade ap\u00f3s levar dois tiros e ser\u00e1 transferido para Palmas.<\/span><\/p>\n<p class=\"content-textcontainer\" style=\"margin: 0cm; margin-bottom: .0001pt; background: white; vertical-align: baseline; box-sizing: inherit;\" data-track-category=\"Link no Texto\" data-track-links=\"\"><span style=\"font-size: 13.5pt; font-family: 'Helvetica','sans-serif'; color: #333333;\">Segundo a Pol\u00edcia Civil, o prefeito estava em um carro quando dois homens chegaram em uma moto e um deles come\u00e7ou a atirar. A v\u00edtima foi atingida no bra\u00e7o e na cabe\u00e7a.<\/span><\/p>\n<p class=\"content-textcontainer\" style=\"margin: 0cm; margin-bottom: .0001pt; background: white; vertical-align: baseline; box-sizing: inherit;\" data-track-category=\"Link no Texto\" data-track-links=\"\"><span style=\"font-size: 13.5pt; font-family: 'Helvetica','sans-serif'; color: #333333;\">Ainda segundo a pol\u00edcia, o suspeito de fazer os disparos foi identificado por testemunhas e seria um homem que j\u00e1 foi preso por fazer amea\u00e7as contra o prefeito.<\/span><\/p>\n<p class=\"content-textcontainer\" style=\"margin: 0cm; margin-bottom: .0001pt; background: white; vertical-align: baseline; box-sizing: inherit;\" data-track-category=\"Link no Texto\" data-track-links=\"\"><span style=\"font-size: 13.5pt; font-family: 'Helvetica','sans-serif'; color: #333333;\">A Pol\u00edcia Militar informou que viaturas da For\u00e7a T\u00e1tica, Patrulha Rural e da pr\u00f3pria cidade est\u00e3o em busca dos suspeitos.<\/span><\/p>\n<p class=\"p1\" style=\"background: white; box-sizing: inherit; margin: 0cm 0cm 12.75pt 0cm;\" data-track-category=\"Link no Texto\" data-track-links=\"\"><span class=\"s1\"><span style=\"font-size: 13.5pt; font-family: 'Roboto','serif'; color: #222222;\">O crime ocorre cinco meses ap\u00f3s outro prefeito, de Miracema, Mois\u00e9s da Sercon, ter sido encontrado assassinado em seu carro. O caso at\u00e9 hoje n\u00e3o foi solucionado pela Pol\u00edcia.<\/span><\/span><\/p>\n","protected":false},"excerpt":{"rendered":"<p>O prefeito de Novo Acordo, Elson Lino de Aguiar Filho, o Dotozim (MDB), 57 anos, foi baleado na cabe\u00e7a na tarde desta quarta-feira (9). Ele foi levado para a Unidade de Pronto Atendimento da cidade ap\u00f3s levar dois tiros e ser\u00e1 transferido para Palmas. Segundo a Pol\u00edcia Civil, o prefeito estava em um carro quando [&hellip;]<\/p>\n","protected":false},"author":2,"featured_media":2261,"comment_status":"open","ping_status":"open","sticky":false,"template":"","format":"standard","meta":[],"categories":[2,3],"tags":[],"_links":{"self":[{"href":"https:\/\/dgospel.com.br\/portal\/index.php\/wp-json\/wp\/v2\/posts\/2260"}],"collection":[{"href":"https:\/\/dgospel.com.br\/portal\/index.php\/wp-json\/wp\/v2\/posts"}],"about":[{"href":"https:\/\/dgospel.com.br\/portal\/index.php\/wp-json\/wp\/v2\/types\/post"}],"author":[{"embeddable":true,"href":"https:\/\/dgospel.com.br\/portal\/index.php\/wp-json\/wp\/v2\/users\/2"}],"replies":[{"embeddable":true,"href":"https:\/\/dgospel.com.br\/portal\/index.php\/wp-json\/wp\/v2\/comments?post=2260"}],"version-history":[{"count":1,"href":"https:\/\/dgospel.com.br\/portal\/index.php\/wp-json\/wp\/v2\/posts\/2260\/revisions"}],"predecessor-version":[{"id":2262,"href":"https:\/\/dgospel.com.br\/portal\/index.php\/wp-json\/wp\/v2\/posts\/2260\/revisions\/2262"}],"wp:featuredmedia":[{"embeddable":true,"href":"https:\/\/dgospel.com.br\/portal\/index.php\/wp-json\/wp\/v2\/media\/2261"}],"wp:attachment":[{"href":"https:\/\/dgospel.com.br\/portal\/index.php\/wp-json\/wp\/v2\/media?parent=2260"}],"wp:term":[{"taxonomy":"category","embeddable":true,"href":"https:\/\/dgospel.com.br\/portal\/index.php\/wp-json\/wp\/v2\/categories?post=2260"},{"taxonomy":"post_tag","embeddable":true,"href":"https:\/\/dgospel.com.br\/portal\/index.php\/wp-json\/wp\/v2\/tags?post=2260"}],"curies":[{"name":"wp","href":"https:\/\/api.w.org\/{rel}","templated":true}]}}