{"id":22602,"date":"2025-12-04T09:29:50","date_gmt":"2025-12-04T12:29:50","guid":{"rendered":"https:\/\/dgospel.com.br\/portal\/?p=22602"},"modified":"2025-12-04T09:29:51","modified_gmt":"2025-12-04T12:29:51","slug":"relatorio-da-abin-acende-alerta-ao-governo-lula-sobre-risco-de-intervencao-dos-eua","status":"publish","type":"post","link":"https:\/\/dgospel.com.br\/portal\/index.php\/2025\/12\/04\/relatorio-da-abin-acende-alerta-ao-governo-lula-sobre-risco-de-intervencao-dos-eua\/","title":{"rendered":"Relat\u00f3rio da Abin acende alerta ao governo Lula sobre risco de interven\u00e7\u00e3o dos EUA"},"content":{"rendered":"\n<p>O governo Lula recebeu um dos alertas mais contundentes j\u00e1 produzidos pela Ag\u00eancia Brasileira de Intelig\u00eancia (Abin) desde o in\u00edcio do mandato. O relat\u00f3rio\u00a0<strong>\u201cDesafios de Intelig\u00eancia \u2013 Edi\u00e7\u00e3o 2026\u201d<\/strong>\u00a0afirma que a combina\u00e7\u00e3o entre avan\u00e7o do crime organizado transnacional, fragilidade institucional e interfer\u00eancia de pot\u00eancias estrangeiras cria um cen\u00e1rio real de\u00a0<strong>interven\u00e7\u00f5es militares na Am\u00e9rica Latina<\/strong>\u00a0sob o argumento de combate ao \u201cnarcoterrorismo\u201d.<\/p>\n\n\n\n<p>Embora o documento n\u00e3o cite nomes, a mensagem enviada ao Planalto \u00e9 clara \u2014 e fontes confirmam:&nbsp;<strong>a preocupa\u00e7\u00e3o da Abin se concentra nas movimenta\u00e7\u00f5es recentes dos Estados Unidos em dire\u00e7\u00e3o \u00e0 Venezuela<\/strong>, em meio \u00e0 intensifica\u00e7\u00e3o do discurso militar do presidente Donald Trump.<\/p>\n\n\n\n<p>O relat\u00f3rio explica que vulnerabilidades internas de pa\u00edses latino-americanos est\u00e3o sendo exploradas por pot\u00eancias externas como justificativa para interven\u00e7\u00f5es disfar\u00e7adas de opera\u00e7\u00f5es de seguran\u00e7a.<\/p>\n\n\n\n<p>Segundo o documento:<\/p>\n\n\n\n<blockquote class=\"wp-block-quote\"><p><em>\u201cFragilidades internas e dissid\u00eancias pol\u00edticas est\u00e3o sendo instrumentalizadas sob pretextos securit\u00e1rios \u2014 como o narcoterrorismo \u2014 para minar a soberania e a autodetermina\u00e7\u00e3o da regi\u00e3o.\u201d<\/em><\/p><\/blockquote>\n\n\n\n<p>A mensagem \u00e9 um recado direto ao Planalto:&nbsp;<strong>a instabilidade regional pode abrir espa\u00e7o para a\u00e7\u00f5es unilaterais de Washington, especialmente na Venezuela<\/strong>, cujo espa\u00e7o a\u00e9reo foi fechado pelos EUA por ordem de Trump \u2014 fato j\u00e1 classificado internamente como \u201cmovimento de alerta m\u00e1ximo\u201d.<\/p>\n\n\n\n<p>Em documento reservado enviado ao presidente, a Pol\u00edcia Federal refor\u00e7ou a an\u00e1lise da Abin. Segundo integrantes da c\u00fapula da PF, existe \u201cinteresse financeiro e geopol\u00edtico\u201d dos EUA na regi\u00e3o, e o argumento do narcoterrorismo tem sido usado como instrumento para justificar opera\u00e7\u00f5es militares.<\/p>\n\n\n\n<p>Foram citados epis\u00f3dios recentes, como:<\/p>\n\n\n\n<ul><li>bombardeios norte-americanos no Caribe contra embarca\u00e7\u00f5es ligadas ao tr\u00e1fico;<\/li><li>refor\u00e7o naval dos EUA em \u00e1reas pr\u00f3ximas \u00e0 Venezuela;<\/li><li>declara\u00e7\u00f5es de Trump de que&nbsp;<em>\u201cataques terrestres podem ocorrer muito em breve\u201d<\/em>.<\/li><\/ul>\n\n\n\n<p>A leitura conjunta da PF e da Abin \u00e9 inequ\u00edvoca:&nbsp;<strong>a Am\u00e9rica Latina entrou na zona de aten\u00e7\u00e3o militar dos EUA<\/strong>.<\/p>\n\n\n\n<p>O alerta apresentado ao governo Lula chega no mesmo momento em que:<\/p>\n\n\n\n<ul><li>a crise pol\u00edtica da Venezuela se aprofunda;<\/li><li>Maduro militariza fronteiras e aumenta estado de alerta;<\/li><li>Trump endurece ret\u00f3rica e press\u00f5es econ\u00f4micas;<\/li><li>rotas do narcotr\u00e1fico se expandem pela Amaz\u00f4nia, Caribe e tr\u00edplice fronteira;<\/li><li>e pot\u00eancias globais elevam presen\u00e7a militar em \u00e1reas estrat\u00e9gicas como o Atl\u00e2ntico Sul.<\/li><\/ul>\n\n\n\n<p>A Abin relaciona esse contexto a um&nbsp;<strong>risco concreto de militariza\u00e7\u00e3o indireta<\/strong>&nbsp;de \u00e1reas sens\u00edveis, como a Amaz\u00f4nia, sob justificativas ambientais ou de combate \u00e0s drogas.<\/p>\n\n\n\n<p>O documento enviado ao governo Lula recomenda que o Brasil:<\/p>\n\n\n\n<ul><li>fortale\u00e7a mecanismos de integra\u00e7\u00e3o regional;<\/li><li>amplie capacidade de intelig\u00eancia e contraespionagem;<\/li><li>aumente monitoramento das fronteiras;<\/li><li>e prepare respostas diplom\u00e1ticas e militares coordenadas.<\/li><\/ul>\n\n\n\n<p>A Abin destaca que, sem a\u00e7\u00e3o r\u00e1pida e coordenada, o Brasil pode ser surpreendido por decis\u00f5es tomadas unilateralmente por pot\u00eancias externas, especialmente em regi\u00f5es como:<\/p>\n\n\n\n<ul><li>Amaz\u00f4nia;<\/li><li>Atl\u00e2ntico Sul;<\/li><li>Caribe;<\/li><li>e tr\u00edplice fronteira.<\/li><\/ul>\n","protected":false},"excerpt":{"rendered":"<p>O governo Lula recebeu um dos alertas mais contundentes j\u00e1 produzidos pela Ag\u00eancia Brasileira de Intelig\u00eancia (Abin) desde o in\u00edcio do mandato. O relat\u00f3rio\u00a0\u201cDesafios de Intelig\u00eancia \u2013 Edi\u00e7\u00e3o 2026\u201d\u00a0afirma que a combina\u00e7\u00e3o entre avan\u00e7o do crime organizado transnacional, fragilidade institucional e interfer\u00eancia de pot\u00eancias estrangeiras cria um cen\u00e1rio real de\u00a0interven\u00e7\u00f5es militares na Am\u00e9rica Latina\u00a0sob o [&hellip;]<\/p>\n","protected":false},"author":2,"featured_media":22603,"comment_status":"open","ping_status":"open","sticky":false,"template":"","format":"standard","meta":[],"categories":[10],"tags":[13],"_links":{"self":[{"href":"https:\/\/dgospel.com.br\/portal\/index.php\/wp-json\/wp\/v2\/posts\/22602"}],"collection":[{"href":"https:\/\/dgospel.com.br\/portal\/index.php\/wp-json\/wp\/v2\/posts"}],"about":[{"href":"https:\/\/dgospel.com.br\/portal\/index.php\/wp-json\/wp\/v2\/types\/post"}],"author":[{"embeddable":true,"href":"https:\/\/dgospel.com.br\/portal\/index.php\/wp-json\/wp\/v2\/users\/2"}],"replies":[{"embeddable":true,"href":"https:\/\/dgospel.com.br\/portal\/index.php\/wp-json\/wp\/v2\/comments?post=22602"}],"version-history":[{"count":1,"href":"https:\/\/dgospel.com.br\/portal\/index.php\/wp-json\/wp\/v2\/posts\/22602\/revisions"}],"predecessor-version":[{"id":22604,"href":"https:\/\/dgospel.com.br\/portal\/index.php\/wp-json\/wp\/v2\/posts\/22602\/revisions\/22604"}],"wp:featuredmedia":[{"embeddable":true,"href":"https:\/\/dgospel.com.br\/portal\/index.php\/wp-json\/wp\/v2\/media\/22603"}],"wp:attachment":[{"href":"https:\/\/dgospel.com.br\/portal\/index.php\/wp-json\/wp\/v2\/media?parent=22602"}],"wp:term":[{"taxonomy":"category","embeddable":true,"href":"https:\/\/dgospel.com.br\/portal\/index.php\/wp-json\/wp\/v2\/categories?post=22602"},{"taxonomy":"post_tag","embeddable":true,"href":"https:\/\/dgospel.com.br\/portal\/index.php\/wp-json\/wp\/v2\/tags?post=22602"}],"curies":[{"name":"wp","href":"https:\/\/api.w.org\/{rel}","templated":true}]}}