{"id":22605,"date":"2025-12-06T10:45:49","date_gmt":"2025-12-06T13:45:49","guid":{"rendered":"https:\/\/dgospel.com.br\/portal\/?p=22605"},"modified":"2025-12-06T10:45:49","modified_gmt":"2025-12-06T13:45:49","slug":"flavio-bolsonaro-confirma-candidatura-a-presidencia-com-aval-do-pai","status":"publish","type":"post","link":"https:\/\/dgospel.com.br\/portal\/index.php\/2025\/12\/06\/flavio-bolsonaro-confirma-candidatura-a-presidencia-com-aval-do-pai\/","title":{"rendered":"Fl\u00e1vio Bolsonaro confirma candidatura \u00e0 Presid\u00eancia com aval do pai"},"content":{"rendered":"\n<p>O senador Fl\u00e1vio Bolsonaro (PL-RJ) confirmou publicamente, nesta sexta-feira (5), que ser\u00e1 o candidato do bolsonarismo \u00e0 Presid\u00eancia da Rep\u00fablica. A declara\u00e7\u00e3o foi feita em um\u00a0<strong>pronunciamento oficial<\/strong>\u00a0publicado em suas redes sociais, no qual ele afirma ter recebido a miss\u00e3o diretamente do ex-presidente Jair Bolsonaro.<\/p>\n\n\n\n<p>\u201c<strong>Confirmo a decis\u00e3o da maior lideran\u00e7a pol\u00edtica e moral do Brasil, Jair Messias Bolsonaro, de me conferir a miss\u00e3o de dar continuidade ao nosso projeto de na\u00e7\u00e3o<\/strong>\u201d, escreveu Fl\u00e1vio, em uma mensagem acompanhada de trecho b\u00edblico e apelo patri\u00f3tico.<\/p>\n\n\n\n<p>A publica\u00e7\u00e3o refor\u00e7a o que j\u00e1 havia sido antecipado por Valdemar Costa Neto, presidente do PL: Bolsonaro \u201cratificou\u201d ao filho a ordem de entrar na disputa de 2026. \u00c9 a&nbsp;<strong>primeira vez<\/strong>&nbsp;que o ex-presidente, hoje preso na carceragem da Pol\u00edcia Federal, oficializa um sucessor pol\u00edtico.<\/p>\n\n\n\n<p>No texto dividido em tr\u00eas cart\u00f5es, Fl\u00e1vio usa tom emocional e de enfrentamento:<\/p>\n\n\n\n<ul><li>Cita a crise econ\u00f4mica<\/li><li>Afirma que brasileiros se sentem abandonados<\/li><li>Aponta inseguran\u00e7a, des\u00e2nimo e perda de esperan\u00e7a<\/li><li>Responsabiliza o atual governo pela deteriora\u00e7\u00e3o do pa\u00eds<\/li><\/ul>\n\n\n\n<p>\u201c<strong>N\u00e3o posso e n\u00e3o vou me conformar ao ver nossa democracia sucumbindo<\/strong>\u201d, escreveu o senador. \u201c<strong>Ningu\u00e9m aguenta mais!<\/strong>\u201d<\/p>\n\n\n\n<p>A estrat\u00e9gia refor\u00e7a o discurso de que&nbsp;<strong>o bolsonarismo continua vivo<\/strong>, mesmo com seu l\u00edder impedido de disputar elei\u00e7\u00f5es.<\/p>\n\n\n\n<p>Nos bastidores, aliados avaliam que Fl\u00e1vio tem o perfil considerado mais \u201cmoderado\u201d e institucional da fam\u00edlia. Ele tamb\u00e9m \u00e9 o&nbsp;<strong>\u00fanico dos filhos com mandato federal ativo<\/strong>, o que facilita articula\u00e7\u00f5es pol\u00edticas, negocia\u00e7\u00f5es partid\u00e1rias e constru\u00e7\u00e3o de alian\u00e7as nacionais.<\/p>\n\n\n\n<p>A confirma\u00e7\u00e3o serve como&nbsp;<strong>resposta imediata ao v\u00e1cuo de lideran\u00e7a<\/strong>&nbsp;que se abriu ap\u00f3s a pris\u00e3o de Bolsonaro:<\/p>\n\n\n\n<ul><li>Garante unidade \u00e0 base conservadora<\/li><li>Diminui especula\u00e7\u00f5es sobre outro nome do PL<\/li><li>Pressiona eventuais aliados do campo liberal, como Tarc\u00edsio de Freitas e Romeu Zema.<\/li><li>Fonte: horabrasilia<\/li><\/ul>\n","protected":false},"excerpt":{"rendered":"<p>O senador Fl\u00e1vio Bolsonaro (PL-RJ) confirmou publicamente, nesta sexta-feira (5), que ser\u00e1 o candidato do bolsonarismo \u00e0 Presid\u00eancia da Rep\u00fablica. A declara\u00e7\u00e3o foi feita em um\u00a0pronunciamento oficial\u00a0publicado em suas redes sociais, no qual ele afirma ter recebido a miss\u00e3o diretamente do ex-presidente Jair Bolsonaro. \u201cConfirmo a decis\u00e3o da maior lideran\u00e7a pol\u00edtica e moral do Brasil, [&hellip;]<\/p>\n","protected":false},"author":2,"featured_media":22606,"comment_status":"open","ping_status":"open","sticky":false,"template":"","format":"standard","meta":[],"categories":[4],"tags":[13],"_links":{"self":[{"href":"https:\/\/dgospel.com.br\/portal\/index.php\/wp-json\/wp\/v2\/posts\/22605"}],"collection":[{"href":"https:\/\/dgospel.com.br\/portal\/index.php\/wp-json\/wp\/v2\/posts"}],"about":[{"href":"https:\/\/dgospel.com.br\/portal\/index.php\/wp-json\/wp\/v2\/types\/post"}],"author":[{"embeddable":true,"href":"https:\/\/dgospel.com.br\/portal\/index.php\/wp-json\/wp\/v2\/users\/2"}],"replies":[{"embeddable":true,"href":"https:\/\/dgospel.com.br\/portal\/index.php\/wp-json\/wp\/v2\/comments?post=22605"}],"version-history":[{"count":1,"href":"https:\/\/dgospel.com.br\/portal\/index.php\/wp-json\/wp\/v2\/posts\/22605\/revisions"}],"predecessor-version":[{"id":22607,"href":"https:\/\/dgospel.com.br\/portal\/index.php\/wp-json\/wp\/v2\/posts\/22605\/revisions\/22607"}],"wp:featuredmedia":[{"embeddable":true,"href":"https:\/\/dgospel.com.br\/portal\/index.php\/wp-json\/wp\/v2\/media\/22606"}],"wp:attachment":[{"href":"https:\/\/dgospel.com.br\/portal\/index.php\/wp-json\/wp\/v2\/media?parent=22605"}],"wp:term":[{"taxonomy":"category","embeddable":true,"href":"https:\/\/dgospel.com.br\/portal\/index.php\/wp-json\/wp\/v2\/categories?post=22605"},{"taxonomy":"post_tag","embeddable":true,"href":"https:\/\/dgospel.com.br\/portal\/index.php\/wp-json\/wp\/v2\/tags?post=22605"}],"curies":[{"name":"wp","href":"https:\/\/api.w.org\/{rel}","templated":true}]}}