{"id":22608,"date":"2025-12-06T11:05:13","date_gmt":"2025-12-06T14:05:13","guid":{"rendered":"https:\/\/dgospel.com.br\/portal\/?p=22608"},"modified":"2025-12-06T11:05:14","modified_gmt":"2025-12-06T14:05:14","slug":"governo-de-israel-reune-mais-de-1-000-pastores-em-apoio-ao-povo-judeu","status":"publish","type":"post","link":"https:\/\/dgospel.com.br\/portal\/index.php\/2025\/12\/06\/governo-de-israel-reune-mais-de-1-000-pastores-em-apoio-ao-povo-judeu\/","title":{"rendered":"Governo de Israel re\u00fane mais de 1.000 pastores em apoio ao povo judeu"},"content":{"rendered":"\n<p>Mais de mil pastores e influenciadores crist\u00e3os est\u00e3o reunidos na Terra Santa nesta semana, em um encontro que os organizadores descrevem como a maior reuni\u00e3o j\u00e1 vista desde a cria\u00e7\u00e3o do&nbsp;<strong><a href=\"https:\/\/guiame.com.br\/gospel\/israel\/cazaquistao-fara-parte-dos-acordos-de-abraao-reforcando-laco-com-israel.html\">Estado de Israel<\/a><\/strong>.<\/p>\n\n\n\n<p>A visita in\u00e9dita foi resultado de uma parceria entre o Minist\u00e9rio das Rela\u00e7\u00f5es Exteriores de Israel e o Museu Amigos de Si\u00e3o.<\/p>\n\n\n\n<p>\u201c\u00c9 a primeira vez na hist\u00f3ria que o Estado de Israel faz uma parceria oficial com mil pastores estrat\u00e9gicos para comission\u00e1-los como embaixadores no combate ao antissemitismo e para alcan\u00e7ar a juventude de sua gera\u00e7\u00e3o\u201d, disse Mike Evans, fundador do Amigos de Si\u00e3o \u00e0 CBN News.<\/p>\n\n\n\n<p>Evans afirma que a batalha de Israel vai muito al\u00e9m do campo militar: \u201cNeste momento, h\u00e1 uma guerra ideol\u00f3gica que Israel est\u00e1 perdendo\u201d.<\/p>\n\n\n\n<p>E continuou: \u201cPor isso, eles precisam dos evang\u00e9licos, precisam dos sionistas, para travar essa guerra ideol\u00f3gica. Dem\u00f4nios n\u00e3o passam pela alf\u00e2ndega, e essa guerra ideol\u00f3gica \u00e9 gigantesca. Est\u00e1 sendo financiada por pa\u00edses como o Catar e outros, por meio de uma esp\u00e9cie de IA anticrist\u00e3, usando bots para pressionar, marginalizar pessoas e silenci\u00e1-las.\u201d<\/p>\n\n\n\n<p><strong>Avan\u00e7o do antissemitismo<\/strong><\/p>\n\n\n\n<p>O encontro tem como objetivo refor\u00e7ar o apoio crist\u00e3o em meio ao avan\u00e7o do&nbsp;<strong><a href=\"https:\/\/guiame.com.br\/gospel\/mundo-cristao\/pastor-diz-que-aumento-do-antissemitismo-e-sinal-do-fim-dos-tempos-doutrina-de-demonios.html\">antissemitismo<\/a><\/strong>&nbsp;global. A mensagem \u00e9 clara: o p\u00falpito precisa falar mais alto que a propaganda.<\/p>\n\n\n\n<p>\u201cAcho que este \u00e9 um momento extraordin\u00e1rio para que os pastores subam aos seus p\u00falpitos e falem com clareza e coragem, enfrentando o antissemitismo e o preconceito que est\u00e3o sendo direcionados ao povo judeu e ao povo de Israel\u201d, disse o embaixador dos EUA em Israel,&nbsp;<strong><a href=\"https:\/\/guiame.com.br\/gospel\/israel\/trump-indica-o-pastor-e-ex-governador-mike-huckabee-como-embaixador-em-israel.html\">Mike Huckabee<\/a><\/strong>.<\/p>\n\n\n\n<figure class=\"wp-block-image\"><img src=\"https:\/\/thumbor.guiame.com.br\/unsafe\/smart\/https:\/\/media.guiame.com.br\/archives\/2025\/12\/04\/420580500-mike-huckabee.png\" alt=\"\"\/><\/figure>\n\n\n\n<p><sup>O embaixador dos EUA em Israel, Mike Huckabee. (Captura de tela\/CBN News)<\/sup><\/p>\n\n\n\n<p>O pastor Jesse Bailey, da Legacy Family Church, no Tennessee, observou:<\/p>\n\n\n\n<p>\u201cInfelizmente, o p\u00falpito tem se calado sobre essas quest\u00f5es. Permitimos que as vozes culturais falassem mais alto \u00e0 congrega\u00e7\u00e3o do que os pastores nesses temas. Por isso, tem sido motivador garantir que voltemos a levar a mensagem de quem Israel \u00e9 para o Senhor. E nosso papel como crist\u00e3os \u00e9 continuar apoiando e orando por Israel.\u201d<\/p>\n\n\n\n<p><strong>Israel e a Igreja<\/strong><\/p>\n\n\n\n<p>O embaixador Huckabee, que \u00e9 pastor batista, alerta para um perigo crescente dentro da Igreja.<\/p>\n\n\n\n<p>\u201cH\u00e1 um c\u00e2ncer crescente dentro do movimento evang\u00e9lico nos Estados Unidos, onde as pessoas est\u00e3o pensando: \u2018Israel n\u00e3o importa\u2019\u201d, disse ele. \u201cE n\u00e3o h\u00e1 nada b\u00edblico sobre nosso relacionamento com Israel. Isso \u00e9 muito perigoso.\u201d<\/p>\n\n\n\n<p>Ele acrescentou: \u201cPorque essa ideia de que Deus vai quebrar sua alian\u00e7a ou j\u00e1 quebrou sua alian\u00e7a com o povo judeu \u2013 isso beira a blasf\u00eamia. Porque, se Deus quebrar sua alian\u00e7a com o povo judeu, o que me faz pensar, como crist\u00e3o, que Ele manter\u00e1 sua alian\u00e7a comigo?\u201d<\/p>\n\n\n\n<p>Na quarta-feira, os pastores visitaram o local do Festival de M\u00fasica Nova, cen\u00e1rio do massacre em que terroristas do Hamas assassinaram 378 pessoas e sequestraram outras 44.<\/p>\n\n\n\n<p><strong>Verdade sobre o terror<\/strong><\/p>\n\n\n\n<p>Zac Jiwa, apresentador do programa&nbsp;<em>The Food, Wine, and God Show<\/em>, comentou: \u201cFoi emocionante. Foi devastador. Tenho quatro filhos adolescentes em Austin (Texas). N\u00f3s vamos a festivais de m\u00fasica. \u00c9 o que se faz em Austin. E pensar no tipo de terror que aqueles jovens viveram \u00e9 simplesmente inimagin\u00e1vel.\u201d<\/p>\n\n\n\n<p>Jiwa acredita que os pastores precisam ver Israel com seus pr\u00f3prios olhos:<\/p>\n\n\n\n<p>\u201cA narrativa que a grande m\u00eddia, especialmente nos EUA, tem alimentado \u2013 ou as mensagens que circulam \u2013 eu acredito que pastores e l\u00edderes de igrejas precisam vir, compreender e ver a verdade, a verdade sobre a situa\u00e7\u00e3o, a hist\u00f3ria real e o que realmente aconteceu aqui.\u201d<\/p>\n\n\n\n<p>Este encontro marca o in\u00edcio de uma grande campanha prevista para o pr\u00f3ximo ano.<\/p>\n\n\n\n<p>\u201cEm 2026, vamos lan\u00e7ar um programa global para alcan\u00e7ar um milh\u00e3o de pastores e um milh\u00e3o de igrejas em todo o mundo, ensinando uma cosmovis\u00e3o b\u00edblica para que entendam que Deus n\u00e3o est\u00e1 cancelando nenhuma promessa ao povo judeu. E tamb\u00e9m n\u00e3o est\u00e1 cancelando para os crist\u00e3os\u201d, disse Evans.<\/p>\n","protected":false},"excerpt":{"rendered":"<p>Mais de mil pastores e influenciadores crist\u00e3os est\u00e3o reunidos na Terra Santa nesta semana, em um encontro que os organizadores descrevem como a maior reuni\u00e3o j\u00e1 vista desde a cria\u00e7\u00e3o do&nbsp;Estado de Israel. A visita in\u00e9dita foi resultado de uma parceria entre o Minist\u00e9rio das Rela\u00e7\u00f5es Exteriores de Israel e o Museu Amigos de Si\u00e3o. [&hellip;]<\/p>\n","protected":false},"author":2,"featured_media":22609,"comment_status":"open","ping_status":"open","sticky":false,"template":"","format":"standard","meta":[],"categories":[5,16],"tags":[],"_links":{"self":[{"href":"https:\/\/dgospel.com.br\/portal\/index.php\/wp-json\/wp\/v2\/posts\/22608"}],"collection":[{"href":"https:\/\/dgospel.com.br\/portal\/index.php\/wp-json\/wp\/v2\/posts"}],"about":[{"href":"https:\/\/dgospel.com.br\/portal\/index.php\/wp-json\/wp\/v2\/types\/post"}],"author":[{"embeddable":true,"href":"https:\/\/dgospel.com.br\/portal\/index.php\/wp-json\/wp\/v2\/users\/2"}],"replies":[{"embeddable":true,"href":"https:\/\/dgospel.com.br\/portal\/index.php\/wp-json\/wp\/v2\/comments?post=22608"}],"version-history":[{"count":1,"href":"https:\/\/dgospel.com.br\/portal\/index.php\/wp-json\/wp\/v2\/posts\/22608\/revisions"}],"predecessor-version":[{"id":22610,"href":"https:\/\/dgospel.com.br\/portal\/index.php\/wp-json\/wp\/v2\/posts\/22608\/revisions\/22610"}],"wp:featuredmedia":[{"embeddable":true,"href":"https:\/\/dgospel.com.br\/portal\/index.php\/wp-json\/wp\/v2\/media\/22609"}],"wp:attachment":[{"href":"https:\/\/dgospel.com.br\/portal\/index.php\/wp-json\/wp\/v2\/media?parent=22608"}],"wp:term":[{"taxonomy":"category","embeddable":true,"href":"https:\/\/dgospel.com.br\/portal\/index.php\/wp-json\/wp\/v2\/categories?post=22608"},{"taxonomy":"post_tag","embeddable":true,"href":"https:\/\/dgospel.com.br\/portal\/index.php\/wp-json\/wp\/v2\/tags?post=22608"}],"curies":[{"name":"wp","href":"https:\/\/api.w.org\/{rel}","templated":true}]}}