{"id":22611,"date":"2025-12-06T12:11:27","date_gmt":"2025-12-06T15:11:27","guid":{"rendered":"https:\/\/dgospel.com.br\/portal\/?p=22611"},"modified":"2025-12-06T12:11:28","modified_gmt":"2025-12-06T15:11:28","slug":"wanderlei-barbosa-retorna-ao-cargo-de-governador-do-tocantins","status":"publish","type":"post","link":"https:\/\/dgospel.com.br\/portal\/index.php\/2025\/12\/06\/wanderlei-barbosa-retorna-ao-cargo-de-governador-do-tocantins\/","title":{"rendered":"Wanderlei Barbosa retorna ao cargo de governador do Tocantins"},"content":{"rendered":"\n<p>O ministro Nunes Marques, do Supremo Tribunal Federal (STF), autorizou, por meio de uma liminar, o retorno de Wanderlei Barbosa (Republicanos) ao cargo de governador do Tocantins. A decis\u00e3o liminar foi publicada nesta sexta-feira (5) com efeito imediato. A decis\u00e3o, deve ser referendada pela segunda turma do STF. <\/p>\n\n\n\n<p>A decis\u00e3o revoga a medida imposta pelo ministro Mauro Campbell Marques, do Superior Tribunal de Justi\u00e7a (STJ), que havia retirado o governador do cargo em setembro no \u00e2mbito da Opera\u00e7\u00e3o Fames, investiga\u00e7\u00e3o sobre supostos desvios em contratos de cestas b\u00e1sicas firmados entre 2020 e 2021. Wanderlei sempre negou envolvimento irregular.<\/p>\n\n\n\n<p>Nunes Marques afirmou que n\u00e3o h\u00e1 demonstra\u00e7\u00e3o atual de risco que justifique manter a medida extrema e destacou que decis\u00f5es de afastamento de chefes do executivo exigem fundamenta\u00e7\u00e3o s\u00f3lida, especialmente quando tomadas em fase inicial de investiga\u00e7\u00e3o e com fatos antigos.<\/p>\n\n\n\n<p>O ministro tamb\u00e9m considerou que a remo\u00e7\u00e3o prolongada do governador provoca instabilidade institucional, sobretudo \u00e0s v\u00e9speras do ano eleitoral, e observou que os elementos apresentados contra Wanderlei se baseiam principalmente em men\u00e7\u00f5es indiretas e di\u00e1logos de terceiros, sem a\u00e7\u00e3o concreta atribu\u00edda a ele.<\/p>\n\n\n\n<p>Com a liminar, ficam suspensas todas as cautelares fixadas pelo STJ, incluindo o afastamento por 180 dias e as restri\u00e7\u00f5es de acesso a pr\u00e9dios p\u00fablicos. A decis\u00e3o j\u00e1 tem efeito imediato, embora ainda dependa de aprecia\u00e7\u00e3o futura pela 2\u00aa Turma do STF.<\/p>\n\n\n\n<p>Wanderlei Barbosa reassume o governo enquanto o processo continua em tramita\u00e7\u00e3o.<\/p>\n","protected":false},"excerpt":{"rendered":"<p>O ministro Nunes Marques, do Supremo Tribunal Federal (STF), autorizou, por meio de uma liminar, o retorno de Wanderlei Barbosa (Republicanos) ao cargo de governador do Tocantins. A decis\u00e3o liminar foi publicada nesta sexta-feira (5) com efeito imediato. A decis\u00e3o, deve ser referendada pela segunda turma do STF. A decis\u00e3o revoga a medida imposta pelo [&hellip;]<\/p>\n","protected":false},"author":2,"featured_media":22612,"comment_status":"open","ping_status":"open","sticky":false,"template":"","format":"standard","meta":[],"categories":[3],"tags":[13],"_links":{"self":[{"href":"https:\/\/dgospel.com.br\/portal\/index.php\/wp-json\/wp\/v2\/posts\/22611"}],"collection":[{"href":"https:\/\/dgospel.com.br\/portal\/index.php\/wp-json\/wp\/v2\/posts"}],"about":[{"href":"https:\/\/dgospel.com.br\/portal\/index.php\/wp-json\/wp\/v2\/types\/post"}],"author":[{"embeddable":true,"href":"https:\/\/dgospel.com.br\/portal\/index.php\/wp-json\/wp\/v2\/users\/2"}],"replies":[{"embeddable":true,"href":"https:\/\/dgospel.com.br\/portal\/index.php\/wp-json\/wp\/v2\/comments?post=22611"}],"version-history":[{"count":1,"href":"https:\/\/dgospel.com.br\/portal\/index.php\/wp-json\/wp\/v2\/posts\/22611\/revisions"}],"predecessor-version":[{"id":22613,"href":"https:\/\/dgospel.com.br\/portal\/index.php\/wp-json\/wp\/v2\/posts\/22611\/revisions\/22613"}],"wp:featuredmedia":[{"embeddable":true,"href":"https:\/\/dgospel.com.br\/portal\/index.php\/wp-json\/wp\/v2\/media\/22612"}],"wp:attachment":[{"href":"https:\/\/dgospel.com.br\/portal\/index.php\/wp-json\/wp\/v2\/media?parent=22611"}],"wp:term":[{"taxonomy":"category","embeddable":true,"href":"https:\/\/dgospel.com.br\/portal\/index.php\/wp-json\/wp\/v2\/categories?post=22611"},{"taxonomy":"post_tag","embeddable":true,"href":"https:\/\/dgospel.com.br\/portal\/index.php\/wp-json\/wp\/v2\/tags?post=22611"}],"curies":[{"name":"wp","href":"https:\/\/api.w.org\/{rel}","templated":true}]}}