{"id":22614,"date":"2025-12-09T21:56:13","date_gmt":"2025-12-10T00:56:13","guid":{"rendered":"https:\/\/dgospel.com.br\/portal\/?p=22614"},"modified":"2025-12-09T21:56:14","modified_gmt":"2025-12-10T00:56:14","slug":"michelle-bolsonaro-se-afasta-do-pl-mulher-por-questoes-medicas","status":"publish","type":"post","link":"https:\/\/dgospel.com.br\/portal\/index.php\/2025\/12\/09\/michelle-bolsonaro-se-afasta-do-pl-mulher-por-questoes-medicas\/","title":{"rendered":"Michelle Bolsonaro se afasta do PL Mulher por quest\u00f5es m\u00e9dicas"},"content":{"rendered":"\n<p>A ex-primeira-dama&nbsp;<a href=\"http:\/\/pleno.news\/tag\/michelle-bolsonaro\" target=\"_blank\" rel=\"noreferrer noopener\">Michelle Bolsonaro<\/a>&nbsp;decidiu se afastar temporariamente da lideran\u00e7a do PL Mulher por quest\u00f5es m\u00e9dicas. O an\u00fancio foi feito nesta segunda-feira (8), em nota divulgada pela assessoria de comunica\u00e7\u00e3o da sigla. Segundo o partido, o estado de sa\u00fade dela teria se agravado diante da pris\u00e3o do ex-presidente&nbsp;<a href=\"http:\/\/pleno.news\/tag\/jair-bolsonaro\" target=\"_blank\" rel=\"noreferrer noopener\">Jair Bolsonaro<\/a>.<\/p>\n\n\n\n<p>Em comunicado, a sigla informou que Michelle j\u00e1 enfrentava problemas de sa\u00fade e que as situa\u00e7\u00f5es ocorridas no \u00faltimos meses teriam afetado sua imunidade, tornando necess\u00e1rio o per\u00edodo de licen\u00e7a. O partido n\u00e3o divulgou detalhes sobre o diagn\u00f3stico, apenas que ela passar\u00e1 por avalia\u00e7\u00e3o ap\u00f3s cumprir o afastamento inicial recomendado pelos m\u00e9dicos.<\/p>\n\n\n\n<p>\u2013 Nos \u00faltimos meses, em especial em consequ\u00eancia das tens\u00f5es envolvendo a pris\u00e3o de seu marido e as constantes injusti\u00e7as feitas contra ela e sua fam\u00edlia, a sua imunidade foi atingida e essas altera\u00e7\u00f5es foram agravadas, sendo necess\u00e1rio o seu afastamento tempor\u00e1rio das atividades no partido \u2013 disse.<\/p>\n\n\n\n<p>Bolsonaro est\u00e1 detido desde 22 de novembro na Superintend\u00eancia da Pol\u00edcia Federal, em Bras\u00edlia. Com o afastamento tempor\u00e1rio de Michelle, o encontro do PL Mulher que estava previsto para ocorrer no pr\u00f3ximo s\u00e1bado (13), no Rio de Janeiro, foi transferido para 2026.<\/p>\n\n\n\n<p><strong>Confira, na \u00edntegra, a nota divulgada pelo PL Mulher:<br><\/strong><em>A Assessoria de Comunica\u00e7\u00e3o do Partido Liberal Mulher vem por meio deste informar que, em raz\u00e3o de afastamento m\u00e9dico de sua Presidente Nacional \u2013 Michelle Bolsonaro \u2013 o Encontro do PL Mulher no Rio de Janeiro, que estava previsto para acontecer no dia 13 de dezembro de 2025 (pr\u00f3ximo s\u00e1bado), necessitar\u00e1 ser adiado para o ano de 2026, provavelmente, em abril.<\/em><\/p>\n\n\n\n<p><em>A Presidente Michelle j\u00e1 vinha lidando com algumas altera\u00e7\u00f5es em sua sa\u00fade e, nos \u00faltimos meses, em especial em consequ\u00eancia das tens\u00f5es envolvendo a pris\u00e3o de seu marido e as constantes injusti\u00e7as feitas contra ela e sua fam\u00edlia, a sua imunidade foi atingida e essas altera\u00e7\u00f5es foram agravadas, sendo necess\u00e1rio o seu afastamento tempor\u00e1rio das atividades no Partido.<\/em><strong><\/strong><\/p>\n\n\n\n<p><em>Ela cumprir\u00e1 o afastamento m\u00e9dico inicial que lhe fora prescrito e, logo ap\u00f3s o t\u00e9rmino desse per\u00edodo, passar\u00e1 por reavalia\u00e7\u00e3o.<\/em><\/p>\n\n\n\n<p><em>Bras\u00edlia \u2013 DF, 08 de dezembro de 2025.<\/em><\/p>\n","protected":false},"excerpt":{"rendered":"<p>A ex-primeira-dama&nbsp;Michelle Bolsonaro&nbsp;decidiu se afastar temporariamente da lideran\u00e7a do PL Mulher por quest\u00f5es m\u00e9dicas. O an\u00fancio foi feito nesta segunda-feira (8), em nota divulgada pela assessoria de comunica\u00e7\u00e3o da sigla. Segundo o partido, o estado de sa\u00fade dela teria se agravado diante da pris\u00e3o do ex-presidente&nbsp;Jair Bolsonaro. Em comunicado, a sigla informou que Michelle j\u00e1 [&hellip;]<\/p>\n","protected":false},"author":2,"featured_media":22615,"comment_status":"open","ping_status":"open","sticky":false,"template":"","format":"standard","meta":[],"categories":[4],"tags":[13],"_links":{"self":[{"href":"https:\/\/dgospel.com.br\/portal\/index.php\/wp-json\/wp\/v2\/posts\/22614"}],"collection":[{"href":"https:\/\/dgospel.com.br\/portal\/index.php\/wp-json\/wp\/v2\/posts"}],"about":[{"href":"https:\/\/dgospel.com.br\/portal\/index.php\/wp-json\/wp\/v2\/types\/post"}],"author":[{"embeddable":true,"href":"https:\/\/dgospel.com.br\/portal\/index.php\/wp-json\/wp\/v2\/users\/2"}],"replies":[{"embeddable":true,"href":"https:\/\/dgospel.com.br\/portal\/index.php\/wp-json\/wp\/v2\/comments?post=22614"}],"version-history":[{"count":1,"href":"https:\/\/dgospel.com.br\/portal\/index.php\/wp-json\/wp\/v2\/posts\/22614\/revisions"}],"predecessor-version":[{"id":22616,"href":"https:\/\/dgospel.com.br\/portal\/index.php\/wp-json\/wp\/v2\/posts\/22614\/revisions\/22616"}],"wp:featuredmedia":[{"embeddable":true,"href":"https:\/\/dgospel.com.br\/portal\/index.php\/wp-json\/wp\/v2\/media\/22615"}],"wp:attachment":[{"href":"https:\/\/dgospel.com.br\/portal\/index.php\/wp-json\/wp\/v2\/media?parent=22614"}],"wp:term":[{"taxonomy":"category","embeddable":true,"href":"https:\/\/dgospel.com.br\/portal\/index.php\/wp-json\/wp\/v2\/categories?post=22614"},{"taxonomy":"post_tag","embeddable":true,"href":"https:\/\/dgospel.com.br\/portal\/index.php\/wp-json\/wp\/v2\/tags?post=22614"}],"curies":[{"name":"wp","href":"https:\/\/api.w.org\/{rel}","templated":true}]}}