{"id":22620,"date":"2025-12-09T23:11:02","date_gmt":"2025-12-10T02:11:02","guid":{"rendered":"https:\/\/dgospel.com.br\/portal\/?p=22620"},"modified":"2025-12-09T23:11:02","modified_gmt":"2025-12-10T02:11:02","slug":"pl-afirma-ter-superado-1-milhao-de-filiados-apos-campanha","status":"publish","type":"post","link":"https:\/\/dgospel.com.br\/portal\/index.php\/2025\/12\/09\/pl-afirma-ter-superado-1-milhao-de-filiados-apos-campanha\/","title":{"rendered":"PL afirma ter superado 1 milh\u00e3o de filiados ap\u00f3s campanha"},"content":{"rendered":"\n<p>O Partido Liberal (PL) informou que ultrapassou 1 milh\u00e3o de filiados ap\u00f3s 25 dias de campanha em todo o pa\u00eds, impulsionada por pe\u00e7as na TV, nas redes sociais e pela rea\u00e7\u00e3o \u00e0 pris\u00e3o do ex-presidente Jair Bolsonaro.<\/p>\n\n\n\n<p>Segundo o publicit\u00e1rio Duda Lima, respons\u00e1vel pela estrat\u00e9gia, o salto aconteceu em ritmo incomum.<\/p>\n\n\n\n<p>\u2013 Em 40 anos de exist\u00eancia o partido filiou pouco menos de 800 mil pessoas. S\u00f3 nesses 25 dias de campanha, 220 mil pessoas pediram pra se filiar. \u00c9 um recorde hist\u00f3rico no pa\u00eds \u2013 disse ele \u00e0 Folha de S.Paulo.<\/p>\n\n\n\n<p>A sigla tem usado v\u00eddeos com suas principais lideran\u00e7as para incentivar novas ades\u00f5es. No material, dirigentes afirmam que a filia\u00e7\u00e3o seria uma forma de responder \u00e0 pris\u00e3o do ex-presidente.<\/p>\n\n\n\n<p>Michelle Bolsonaro aparece em uma das pe\u00e7as e refor\u00e7a o chamado.<\/p>\n\n\n\n<p>\u2013 Cada filia\u00e7\u00e3o \u00e9 uma semente de mudan\u00e7a \u2013 afirma a ex-primeira-dama.<\/p>\n\n\n\n<p>Para facilitar a entrada de novos membros, o PL tamb\u00e9m colocou no ar um site exclusivo para quem deseja se cadastrar.<\/p>\n\n\n\n<p>Para saber mais,&nbsp;<a href=\"https:\/\/queromefiliaraopl.com.br\/\" target=\"_blank\" rel=\"noreferrer noopener\">clique aqui<\/a>.<\/p>\n","protected":false},"excerpt":{"rendered":"<p>O Partido Liberal (PL) informou que ultrapassou 1 milh\u00e3o de filiados ap\u00f3s 25 dias de campanha em todo o pa\u00eds, impulsionada por pe\u00e7as na TV, nas redes sociais e pela rea\u00e7\u00e3o \u00e0 pris\u00e3o do ex-presidente Jair Bolsonaro. Segundo o publicit\u00e1rio Duda Lima, respons\u00e1vel pela estrat\u00e9gia, o salto aconteceu em ritmo incomum. \u2013 Em 40 anos [&hellip;]<\/p>\n","protected":false},"author":2,"featured_media":22621,"comment_status":"open","ping_status":"open","sticky":false,"template":"","format":"standard","meta":[],"categories":[4],"tags":[13],"_links":{"self":[{"href":"https:\/\/dgospel.com.br\/portal\/index.php\/wp-json\/wp\/v2\/posts\/22620"}],"collection":[{"href":"https:\/\/dgospel.com.br\/portal\/index.php\/wp-json\/wp\/v2\/posts"}],"about":[{"href":"https:\/\/dgospel.com.br\/portal\/index.php\/wp-json\/wp\/v2\/types\/post"}],"author":[{"embeddable":true,"href":"https:\/\/dgospel.com.br\/portal\/index.php\/wp-json\/wp\/v2\/users\/2"}],"replies":[{"embeddable":true,"href":"https:\/\/dgospel.com.br\/portal\/index.php\/wp-json\/wp\/v2\/comments?post=22620"}],"version-history":[{"count":1,"href":"https:\/\/dgospel.com.br\/portal\/index.php\/wp-json\/wp\/v2\/posts\/22620\/revisions"}],"predecessor-version":[{"id":22622,"href":"https:\/\/dgospel.com.br\/portal\/index.php\/wp-json\/wp\/v2\/posts\/22620\/revisions\/22622"}],"wp:featuredmedia":[{"embeddable":true,"href":"https:\/\/dgospel.com.br\/portal\/index.php\/wp-json\/wp\/v2\/media\/22621"}],"wp:attachment":[{"href":"https:\/\/dgospel.com.br\/portal\/index.php\/wp-json\/wp\/v2\/media?parent=22620"}],"wp:term":[{"taxonomy":"category","embeddable":true,"href":"https:\/\/dgospel.com.br\/portal\/index.php\/wp-json\/wp\/v2\/categories?post=22620"},{"taxonomy":"post_tag","embeddable":true,"href":"https:\/\/dgospel.com.br\/portal\/index.php\/wp-json\/wp\/v2\/tags?post=22620"}],"curies":[{"name":"wp","href":"https:\/\/api.w.org\/{rel}","templated":true}]}}