{"id":22626,"date":"2025-12-10T20:29:26","date_gmt":"2025-12-10T23:29:26","guid":{"rendered":"https:\/\/dgospel.com.br\/portal\/?p=22626"},"modified":"2025-12-10T20:29:27","modified_gmt":"2025-12-10T23:29:27","slug":"camara-aprova-projeto-que-reduz-penas-dos-condenados-por-8-de-janeiro","status":"publish","type":"post","link":"https:\/\/dgospel.com.br\/portal\/index.php\/2025\/12\/10\/camara-aprova-projeto-que-reduz-penas-dos-condenados-por-8-de-janeiro\/","title":{"rendered":"C\u00e2mara aprova projeto que reduz penas dos condenados por 8 de janeiro"},"content":{"rendered":"\n<p>O plen\u00e1rio da C\u00e2mara dos Deputados aprovou, na madrugada desta quarta-feira (10), o Projeto de Lei 2162\/23, conhecido como\u00a0<strong>PL da Dosimetria<\/strong>, que recalcula e reduz as penas aplicadas aos condenados por crimes relacionados aos atos de 8 de janeiro de 2023. O texto tamb\u00e9m alcan\u00e7a o ex-presidente Jair Bolsonaro (PL), condenado em setembro pelo Supremo Tribunal Federal (STF).<\/p>\n\n\n\n<p>A vota\u00e7\u00e3o foi anunciada pelo presidente da C\u00e2mara, Hugo Motta (Republicanos-PB), \u00e0s 2h25, com&nbsp;<strong>291 votos a favor<\/strong>&nbsp;e&nbsp;<strong>148 contr\u00e1rios<\/strong>. Agora, o projeto seguir\u00e1 para an\u00e1lise do Senado Federal.<\/p>\n\n\n\n<p>O presidente do Congresso Nacional, senador&nbsp;<strong>Davi Alcolumbre<\/strong>&nbsp;(Uni\u00e3o Brasil-AP), afirmou em plen\u00e1rio que pretende colocar o tema em vota\u00e7\u00e3o&nbsp;<strong>ainda em 2025<\/strong>.<\/p>\n\n\n\n<p>A aprova\u00e7\u00e3o representa um avan\u00e7o parcial para parlamentares da oposi\u00e7\u00e3o, que inicialmente defendiam uma&nbsp;<strong>anistia ampla<\/strong>&nbsp;aos condenados pelo STF. Sem apoio suficiente \u00e0 ideia, o grupo passou a articular um projeto que apenas&nbsp;<strong>reduz as penalidades<\/strong>&nbsp;impostas.<\/p>\n\n\n\n<p>O senador&nbsp;<strong>Fl\u00e1vio Bolsonaro<\/strong>&nbsp;(PL-RJ), pr\u00e9-candidato ao Pal\u00e1cio do Planalto em 2026, foi um dos articuladores da proposta na C\u00e2mara. Ele chegou a condicionar sua candidatura ao avan\u00e7o do texto.<\/p>\n\n\n\n<p>Em setembro de 2025, o STF condenou Jair Bolsonaro a&nbsp;<strong>27 anos e 3 meses de pris\u00e3o em regime fechado<\/strong>, por liderar a tentativa de golpe de Estado. O ex-presidente est\u00e1 preso desde&nbsp;<strong>22 de novembro<\/strong>, na Superintend\u00eancia da Pol\u00edcia Federal, em Bras\u00edlia.<\/p>\n\n\n\n<p>Com o PL da Dosimetria aprovado, a expectativa de aliados \u00e9 que a pena seja&nbsp;<strong>recalculada<\/strong>, permitindo uma redu\u00e7\u00e3o do tempo de encarceramento.<\/p>\n","protected":false},"excerpt":{"rendered":"<p>O plen\u00e1rio da C\u00e2mara dos Deputados aprovou, na madrugada desta quarta-feira (10), o Projeto de Lei 2162\/23, conhecido como\u00a0PL da Dosimetria, que recalcula e reduz as penas aplicadas aos condenados por crimes relacionados aos atos de 8 de janeiro de 2023. O texto tamb\u00e9m alcan\u00e7a o ex-presidente Jair Bolsonaro (PL), condenado em setembro pelo Supremo [&hellip;]<\/p>\n","protected":false},"author":2,"featured_media":22627,"comment_status":"open","ping_status":"open","sticky":false,"template":"","format":"standard","meta":[],"categories":[8],"tags":[],"_links":{"self":[{"href":"https:\/\/dgospel.com.br\/portal\/index.php\/wp-json\/wp\/v2\/posts\/22626"}],"collection":[{"href":"https:\/\/dgospel.com.br\/portal\/index.php\/wp-json\/wp\/v2\/posts"}],"about":[{"href":"https:\/\/dgospel.com.br\/portal\/index.php\/wp-json\/wp\/v2\/types\/post"}],"author":[{"embeddable":true,"href":"https:\/\/dgospel.com.br\/portal\/index.php\/wp-json\/wp\/v2\/users\/2"}],"replies":[{"embeddable":true,"href":"https:\/\/dgospel.com.br\/portal\/index.php\/wp-json\/wp\/v2\/comments?post=22626"}],"version-history":[{"count":1,"href":"https:\/\/dgospel.com.br\/portal\/index.php\/wp-json\/wp\/v2\/posts\/22626\/revisions"}],"predecessor-version":[{"id":22628,"href":"https:\/\/dgospel.com.br\/portal\/index.php\/wp-json\/wp\/v2\/posts\/22626\/revisions\/22628"}],"wp:featuredmedia":[{"embeddable":true,"href":"https:\/\/dgospel.com.br\/portal\/index.php\/wp-json\/wp\/v2\/media\/22627"}],"wp:attachment":[{"href":"https:\/\/dgospel.com.br\/portal\/index.php\/wp-json\/wp\/v2\/media?parent=22626"}],"wp:term":[{"taxonomy":"category","embeddable":true,"href":"https:\/\/dgospel.com.br\/portal\/index.php\/wp-json\/wp\/v2\/categories?post=22626"},{"taxonomy":"post_tag","embeddable":true,"href":"https:\/\/dgospel.com.br\/portal\/index.php\/wp-json\/wp\/v2\/tags?post=22626"}],"curies":[{"name":"wp","href":"https:\/\/api.w.org\/{rel}","templated":true}]}}