{"id":22629,"date":"2025-12-10T20:31:36","date_gmt":"2025-12-10T23:31:36","guid":{"rendered":"https:\/\/dgospel.com.br\/portal\/?p=22629"},"modified":"2025-12-10T20:31:36","modified_gmt":"2025-12-10T23:31:36","slug":"tarcisio-vence-lula-aponta-nova-pesquisa-verita","status":"publish","type":"post","link":"https:\/\/dgospel.com.br\/portal\/index.php\/2025\/12\/10\/tarcisio-vence-lula-aponta-nova-pesquisa-verita\/","title":{"rendered":"Tarc\u00edsio vence Lula, aponta nova pesquisa Verit\u00e1"},"content":{"rendered":"\n<p>A nova pesquisa do Instituto Verit\u00e1 mostrou que o governo Lula talvez tenha subestimado o peso real do centro-direita no pa\u00eds. No primeiro duelo testado para 2026,\u00a0<strong>Tarc\u00edsio de Freitas supera Lula<\/strong>: s\u00e3o\u00a0<strong>52,7%<\/strong>\u00a0dos votos v\u00e1lidos para o governador de S\u00e3o Paulo contra\u00a0<strong>47,3%<\/strong>\u00a0do presidente.<\/p>\n\n\n\n<p>No cen\u00e1rio completo, Tarc\u00edsio aparece com&nbsp;<strong>44,9%<\/strong>, Lula com&nbsp;<strong>40,3%<\/strong>&nbsp;e&nbsp;<strong>14,8%<\/strong>&nbsp;dos eleitores seguem indecisos, brancos ou nulos. Ou seja, o empate t\u00e9cnico dos \u00faltimos levantamentos d\u00e1 lugar a um&nbsp;<strong>avan\u00e7o concreto do campo oposicionista<\/strong>, que j\u00e1 se apresenta com um nome competitivo, vi\u00e1vel e com forte apelo eleitoral.<\/p>\n\n\n\n<p>O resultado exp\u00f5e um desconforto no Planalto:&nbsp;<strong>o centro-direita continua vivo, organizada e com alta capacidade de mobiliza\u00e7\u00e3o<\/strong>, mesmo ap\u00f3s a pris\u00e3o de Bolsonaro e a alta ofensiva institucional sobre seus aliados. O eleitorado n\u00e3o migrou para o governo como esperavam nos bastidores.<\/p>\n\n\n\n<p>Se a candidatura de Fl\u00e1vio Bolsonaro alimenta a chama emocional do bolsonarismo, Tarc\u00edsio surge com&nbsp;<strong>perfil t\u00e9cnico, previsibilidade e penetra\u00e7\u00e3o em setores que o PT nunca conquistou<\/strong>. O recado da pesquisa \u00e9 claro: quem acreditava que 2026 seria uma elei\u00e7\u00e3o tranquila para Lula, pode ter que reescrever seus c\u00e1lculos.<\/p>\n\n\n\n<p>O pa\u00eds est\u00e1 dividido \u2014 mas, pela primeira vez desde 2022,&nbsp;<strong>quem aparece \u00e0 frente \u00e9 a direita.<\/strong><\/p>\n","protected":false},"excerpt":{"rendered":"<p>A nova pesquisa do Instituto Verit\u00e1 mostrou que o governo Lula talvez tenha subestimado o peso real do centro-direita no pa\u00eds. No primeiro duelo testado para 2026,\u00a0Tarc\u00edsio de Freitas supera Lula: s\u00e3o\u00a052,7%\u00a0dos votos v\u00e1lidos para o governador de S\u00e3o Paulo contra\u00a047,3%\u00a0do presidente. No cen\u00e1rio completo, Tarc\u00edsio aparece com&nbsp;44,9%, Lula com&nbsp;40,3%&nbsp;e&nbsp;14,8%&nbsp;dos eleitores seguem indecisos, brancos ou [&hellip;]<\/p>\n","protected":false},"author":2,"featured_media":22630,"comment_status":"open","ping_status":"open","sticky":false,"template":"","format":"standard","meta":[],"categories":[4],"tags":[13],"_links":{"self":[{"href":"https:\/\/dgospel.com.br\/portal\/index.php\/wp-json\/wp\/v2\/posts\/22629"}],"collection":[{"href":"https:\/\/dgospel.com.br\/portal\/index.php\/wp-json\/wp\/v2\/posts"}],"about":[{"href":"https:\/\/dgospel.com.br\/portal\/index.php\/wp-json\/wp\/v2\/types\/post"}],"author":[{"embeddable":true,"href":"https:\/\/dgospel.com.br\/portal\/index.php\/wp-json\/wp\/v2\/users\/2"}],"replies":[{"embeddable":true,"href":"https:\/\/dgospel.com.br\/portal\/index.php\/wp-json\/wp\/v2\/comments?post=22629"}],"version-history":[{"count":1,"href":"https:\/\/dgospel.com.br\/portal\/index.php\/wp-json\/wp\/v2\/posts\/22629\/revisions"}],"predecessor-version":[{"id":22631,"href":"https:\/\/dgospel.com.br\/portal\/index.php\/wp-json\/wp\/v2\/posts\/22629\/revisions\/22631"}],"wp:featuredmedia":[{"embeddable":true,"href":"https:\/\/dgospel.com.br\/portal\/index.php\/wp-json\/wp\/v2\/media\/22630"}],"wp:attachment":[{"href":"https:\/\/dgospel.com.br\/portal\/index.php\/wp-json\/wp\/v2\/media?parent=22629"}],"wp:term":[{"taxonomy":"category","embeddable":true,"href":"https:\/\/dgospel.com.br\/portal\/index.php\/wp-json\/wp\/v2\/categories?post=22629"},{"taxonomy":"post_tag","embeddable":true,"href":"https:\/\/dgospel.com.br\/portal\/index.php\/wp-json\/wp\/v2\/tags?post=22629"}],"curies":[{"name":"wp","href":"https:\/\/api.w.org\/{rel}","templated":true}]}}