{"id":22632,"date":"2025-12-10T21:12:14","date_gmt":"2025-12-11T00:12:14","guid":{"rendered":"https:\/\/dgospel.com.br\/portal\/?p=22632"},"modified":"2025-12-10T21:12:15","modified_gmt":"2025-12-11T00:12:15","slug":"stf-forma-maioria-para-manter-wanderlei-barbosa-no-cargo-de-governador","status":"publish","type":"post","link":"https:\/\/dgospel.com.br\/portal\/index.php\/2025\/12\/10\/stf-forma-maioria-para-manter-wanderlei-barbosa-no-cargo-de-governador\/","title":{"rendered":"STF forma maioria para manter Wanderlei Barbosa no cargo de governador"},"content":{"rendered":"\n<p>A segunda turma do Supremo Tribunal Federal (STF)&nbsp;<a href=\"https:\/\/g1.globo.com\/to\/tocantins\/noticia\/2025\/12\/05\/wanderlei-barbosa-retorna-ao-cargo-de-governador-do-tocantins-apos-tres-meses-afastados.ghtml\">alcan\u00e7ou maioria para referendar o retorno de Wanderlei Barbosa (Republicanos)<\/a>&nbsp;ao cargo de governador do Tocantins.<strong><u>&nbsp;<\/u><\/strong>O julgamento est\u00e1 sendo realizado de forma virtual.<\/p>\n\n\n\n<p>At\u00e9 a noite desta quarta-feria, haviam votado pelo retorno o relator, ministro Nunes Marques, e os ministros Andr\u00e9 Mendon\u00e7a e Luiz Fux. Ainda devem votar Dias Toffoli e o presidente Gilmar Mendes. A vota\u00e7\u00e3o pode durar at\u00e9 23h59 de quinta-feira (11).<\/p>\n\n\n\n<p>Wanderlei Barbosa voltou ao governo na sexta-feira (5) ap\u00f3s uma liminar do ministro Nunes Marques. A decis\u00e3o era monocr\u00e1tica e por isso precisou ser referendada pelos demais ministros da segunda turma.<\/p>\n\n\n\n<p>O governador do Tocantins ficou tr\u00eas meses afastado da fun\u00e7\u00e3o por determina\u00e7\u00e3o do Superior Tribunal de Justi\u00e7a (STJ). Ele \u00e9 investigado na Opera\u00e7\u00e3o Fames-19, que apura o desvio de recursos p\u00fablicos durante a pandemia de Covid-19.<\/p>\n","protected":false},"excerpt":{"rendered":"<p>A segunda turma do Supremo Tribunal Federal (STF)&nbsp;alcan\u00e7ou maioria para referendar o retorno de Wanderlei Barbosa (Republicanos)&nbsp;ao cargo de governador do Tocantins.&nbsp;O julgamento est\u00e1 sendo realizado de forma virtual. At\u00e9 a noite desta quarta-feria, haviam votado pelo retorno o relator, ministro Nunes Marques, e os ministros Andr\u00e9 Mendon\u00e7a e Luiz Fux. Ainda devem votar Dias [&hellip;]<\/p>\n","protected":false},"author":2,"featured_media":22633,"comment_status":"open","ping_status":"open","sticky":false,"template":"","format":"standard","meta":[],"categories":[3],"tags":[13],"_links":{"self":[{"href":"https:\/\/dgospel.com.br\/portal\/index.php\/wp-json\/wp\/v2\/posts\/22632"}],"collection":[{"href":"https:\/\/dgospel.com.br\/portal\/index.php\/wp-json\/wp\/v2\/posts"}],"about":[{"href":"https:\/\/dgospel.com.br\/portal\/index.php\/wp-json\/wp\/v2\/types\/post"}],"author":[{"embeddable":true,"href":"https:\/\/dgospel.com.br\/portal\/index.php\/wp-json\/wp\/v2\/users\/2"}],"replies":[{"embeddable":true,"href":"https:\/\/dgospel.com.br\/portal\/index.php\/wp-json\/wp\/v2\/comments?post=22632"}],"version-history":[{"count":1,"href":"https:\/\/dgospel.com.br\/portal\/index.php\/wp-json\/wp\/v2\/posts\/22632\/revisions"}],"predecessor-version":[{"id":22634,"href":"https:\/\/dgospel.com.br\/portal\/index.php\/wp-json\/wp\/v2\/posts\/22632\/revisions\/22634"}],"wp:featuredmedia":[{"embeddable":true,"href":"https:\/\/dgospel.com.br\/portal\/index.php\/wp-json\/wp\/v2\/media\/22633"}],"wp:attachment":[{"href":"https:\/\/dgospel.com.br\/portal\/index.php\/wp-json\/wp\/v2\/media?parent=22632"}],"wp:term":[{"taxonomy":"category","embeddable":true,"href":"https:\/\/dgospel.com.br\/portal\/index.php\/wp-json\/wp\/v2\/categories?post=22632"},{"taxonomy":"post_tag","embeddable":true,"href":"https:\/\/dgospel.com.br\/portal\/index.php\/wp-json\/wp\/v2\/tags?post=22632"}],"curies":[{"name":"wp","href":"https:\/\/api.w.org\/{rel}","templated":true}]}}