{"id":22638,"date":"2025-12-13T22:07:31","date_gmt":"2025-12-14T01:07:31","guid":{"rendered":"https:\/\/dgospel.com.br\/portal\/?p=22638"},"modified":"2025-12-13T22:07:33","modified_gmt":"2025-12-14T01:07:33","slug":"simulacao-de-2o-turno-flavio-lidera-com-42-das-intencoes-de-voto-contra-41-para-lula","status":"publish","type":"post","link":"https:\/\/dgospel.com.br\/portal\/index.php\/2025\/12\/13\/simulacao-de-2o-turno-flavio-lidera-com-42-das-intencoes-de-voto-contra-41-para-lula\/","title":{"rendered":"Simula\u00e7\u00e3o de 2\u00ba turno: Fl\u00e1vio lidera com 42% das inten\u00e7\u00f5es de voto contra 41% para Lula"},"content":{"rendered":"\n<p>Uma pesquisa da Gerp apontou empate t\u00e9cnico entre o senador Fl\u00e1vio Bolsonaro (PL-RJ) e o presidente Luiz In\u00e1cio Lula da Silva (PT) na simula\u00e7\u00e3o de 2\u00ba turno das elei\u00e7\u00f5es presidenciais de 2026. O levantamento foi divulgado nesta quinta-feira (11).<\/p>\n\n\n\n<p>Fl\u00e1vio apareceu com 42% das inten\u00e7\u00f5es de voto. J\u00e1 Lula marcou 41%.<\/p>\n\n\n\n<p>O estudo foi feito de 6 a 10 de dezembro, com 2 mil entrevistados nas cinco regi\u00f5es brasileiras.<\/p>\n\n\n\n<p>A margem de erro \u00e9 de 2,24 pontos percentuais, com um intervalo de confian\u00e7a de 95,55%. As informa\u00e7\u00f5es s\u00e3o do Poder360.<\/p>\n","protected":false},"excerpt":{"rendered":"<p>Uma pesquisa da Gerp apontou empate t\u00e9cnico entre o senador Fl\u00e1vio Bolsonaro (PL-RJ) e o presidente Luiz In\u00e1cio Lula da Silva (PT) na simula\u00e7\u00e3o de 2\u00ba turno das elei\u00e7\u00f5es presidenciais de 2026. O levantamento foi divulgado nesta quinta-feira (11). Fl\u00e1vio apareceu com 42% das inten\u00e7\u00f5es de voto. J\u00e1 Lula marcou 41%. O estudo foi feito [&hellip;]<\/p>\n","protected":false},"author":2,"featured_media":22639,"comment_status":"open","ping_status":"open","sticky":false,"template":"","format":"standard","meta":[],"categories":[4],"tags":[],"_links":{"self":[{"href":"https:\/\/dgospel.com.br\/portal\/index.php\/wp-json\/wp\/v2\/posts\/22638"}],"collection":[{"href":"https:\/\/dgospel.com.br\/portal\/index.php\/wp-json\/wp\/v2\/posts"}],"about":[{"href":"https:\/\/dgospel.com.br\/portal\/index.php\/wp-json\/wp\/v2\/types\/post"}],"author":[{"embeddable":true,"href":"https:\/\/dgospel.com.br\/portal\/index.php\/wp-json\/wp\/v2\/users\/2"}],"replies":[{"embeddable":true,"href":"https:\/\/dgospel.com.br\/portal\/index.php\/wp-json\/wp\/v2\/comments?post=22638"}],"version-history":[{"count":1,"href":"https:\/\/dgospel.com.br\/portal\/index.php\/wp-json\/wp\/v2\/posts\/22638\/revisions"}],"predecessor-version":[{"id":22640,"href":"https:\/\/dgospel.com.br\/portal\/index.php\/wp-json\/wp\/v2\/posts\/22638\/revisions\/22640"}],"wp:featuredmedia":[{"embeddable":true,"href":"https:\/\/dgospel.com.br\/portal\/index.php\/wp-json\/wp\/v2\/media\/22639"}],"wp:attachment":[{"href":"https:\/\/dgospel.com.br\/portal\/index.php\/wp-json\/wp\/v2\/media?parent=22638"}],"wp:term":[{"taxonomy":"category","embeddable":true,"href":"https:\/\/dgospel.com.br\/portal\/index.php\/wp-json\/wp\/v2\/categories?post=22638"},{"taxonomy":"post_tag","embeddable":true,"href":"https:\/\/dgospel.com.br\/portal\/index.php\/wp-json\/wp\/v2\/tags?post=22638"}],"curies":[{"name":"wp","href":"https:\/\/api.w.org\/{rel}","templated":true}]}}