{"id":22644,"date":"2025-12-15T12:04:09","date_gmt":"2025-12-15T15:04:09","guid":{"rendered":"https:\/\/dgospel.com.br\/portal\/?p=22644"},"modified":"2025-12-15T12:04:09","modified_gmt":"2025-12-15T15:04:09","slug":"missao-constroi-escola-e-igreja-para-criancas-escravizadas-no-paquistao","status":"publish","type":"post","link":"https:\/\/dgospel.com.br\/portal\/index.php\/2025\/12\/15\/missao-constroi-escola-e-igreja-para-criancas-escravizadas-no-paquistao\/","title":{"rendered":"Miss\u00e3o constr\u00f3i escola e igreja para crian\u00e7as escravizadas no Paquist\u00e3o"},"content":{"rendered":"\n<p>A miss\u00e3o brasileira \u201cAonde Deus Mandar\u201d (ADM) construiu uma escola para crian\u00e7as escravizadas, no Paquist\u00e3o.<\/p>\n\n\n\n<p>O mission\u00e1rio&nbsp;<a href=\"https:\/\/www.guiame.com.br\/gospel\/missoes-acao-social\/criancas-escravizadas-oram-por-missionario-que-libertou-no-paquistao-ato-de-gratidao.html\"><strong>Claudinei Vicente<\/strong><\/a>, l\u00edder da ADM, testemunhou que foi autorizado a criar a escola dentro de uma&nbsp;<a href=\"https:\/\/guiame.com.br\/gospel\/missoes-acao-social\/missionario-brasileiro-paga-dividas-de-familias-e-liberta-da-escravidao-no-paquistao.html\"><strong>f\u00e1brica de tijolos<\/strong><\/a>, onde fam\u00edlias crist\u00e3s, incluindo menores de idade, trabalham em regime de escravid\u00e3o.<\/p>\n\n\n\n<p>O prop\u00f3sito \u00e9 alfabetizar as crian\u00e7as para tir\u00e1-las da escravid\u00e3o e proporcionar um futuro melhor.<\/p>\n\n\n\n<p>Claudinei conseguiu a permiss\u00e3o do dono da f\u00e1brica, um mu\u00e7ulmano, para retirar as crian\u00e7as do trabalho por seis horas e envi\u00e1-las para a escola.<\/p>\n\n\n\n<p>\u201cAqui n\u00f3s vamos formar crian\u00e7as, transformar a vida delas. Essa foi a nossa estrat\u00e9gia: tir\u00e1-los da escravid\u00e3o pelo menos metade do dia. Mas eu creio que logo, logo eles ser\u00e3o tirados por completo\u201d, disse o mission\u00e1rio, em v\u00eddeo no Instagram.<\/p>\n\n\n\n<p>Para o mission\u00e1rio, construir a escola \u2013 que tamb\u00e9m vai hospedar uma igreja \u2013 dentro de uma f\u00e1brica mu\u00e7ulmana \u00e9 um verdadeiro milagre. \u201cS\u00f3 Deus faz isso!\u201d, testemunhou.<\/p>\n\n\n\n<p>\u201cDurante o dia, \u00e9 escola. Quando n\u00e3o tem aula, se torna uma igreja. Tudo isso est\u00e1 dentro da f\u00e1brica de tijolos\u201d, explicou.<\/p>\n\n\n\n<p>Meses atr\u00e1s, durante a constru\u00e7\u00e3o da escola, as crian\u00e7as escravizadas iam ao local da obra todos os dias para orar pelos trabalhadores que estavam construindo o pr\u00e9dio.<\/p>\n\n\n\n<p><strong>Fam\u00edlias resgatadas da escravid\u00e3o<\/strong><\/p>\n\n\n\n<p>H\u00e1 cinco anos, Claudinei tem trabalhado para&nbsp;<a href=\"https:\/\/guiame.com.br\/gospel\/missoes-acao-social\/familias-resgatadas-da-escravidao-sao-batizadas-no-paquistao-jesus-pagou-divida.html\"><strong>resgatar fam\u00edlias escravizadas<\/strong><\/a>&nbsp;em f\u00e1bricas de tijolos no Paquist\u00e3o. Neste ano, com ajuda de doa\u00e7\u00f5es, ele pagou pela liberta\u00e7\u00e3o de mais de sete fam\u00edlias.<\/p>\n\n\n\n<p>Segundo a Global Christian Relief, no Paquist\u00e3o, existem cerca de 20.000 fornos de tijolos onde muitos crist\u00e3os s\u00e3o v\u00edtimas do trabalho escravo.<\/p>\n\n\n\n<p>Perseguidos e marginalizados, os crist\u00e3os minorit\u00e1rios representam menos de 2% da popula\u00e7\u00e3o da na\u00e7\u00e3o do sul da \u00c1sia.&nbsp;<\/p>\n\n\n\n<p>Esses crentes constituem uma grande porcentagem dos trabalhadores do forno de tijolos, cujo sistema \u00e9 feito para prend\u00ea-los, e uma vez que uma fam\u00edlia aceita um empr\u00e9stimo, \u00e9 extremamente dif\u00edcil para eles pag\u00e1-lo. Assim, os empr\u00e9stimos passam de gera\u00e7\u00e3o em gera\u00e7\u00e3o.<\/p>\n\n\n\n<p>O Paquist\u00e3o ficou em 8\u00ba lugar na Lista Mundial de Observa\u00e7\u00e3o de 2025 da Portas Abertas, dos lugares mais dif\u00edceis para ser crist\u00e3o, assim como no ano anterior.<\/p>\n\n\n\n<p><a href=\"https:\/\/www.instagram.com\/reel\/DRNwMkJEa0l\/?utm_source=ig_embed&amp;ig_rid=2892ca33-5c1b-4332-94c2-667f47b0dbb6\">https:\/\/www.instagram.com\/reel\/DRNwMkJEa0l\/?utm_source=ig_embed&amp;ig_rid=2892ca33-5c1b-4332-94c2-667f47b0dbb6<\/a><\/p>\n","protected":false},"excerpt":{"rendered":"<p>A miss\u00e3o brasileira \u201cAonde Deus Mandar\u201d (ADM) construiu uma escola para crian\u00e7as escravizadas, no Paquist\u00e3o. O mission\u00e1rio&nbsp;Claudinei Vicente, l\u00edder da ADM, testemunhou que foi autorizado a criar a escola dentro de uma&nbsp;f\u00e1brica de tijolos, onde fam\u00edlias crist\u00e3s, incluindo menores de idade, trabalham em regime de escravid\u00e3o. O prop\u00f3sito \u00e9 alfabetizar as crian\u00e7as para tir\u00e1-las da [&hellip;]<\/p>\n","protected":false},"author":2,"featured_media":22645,"comment_status":"open","ping_status":"open","sticky":false,"template":"","format":"standard","meta":[],"categories":[16],"tags":[],"_links":{"self":[{"href":"https:\/\/dgospel.com.br\/portal\/index.php\/wp-json\/wp\/v2\/posts\/22644"}],"collection":[{"href":"https:\/\/dgospel.com.br\/portal\/index.php\/wp-json\/wp\/v2\/posts"}],"about":[{"href":"https:\/\/dgospel.com.br\/portal\/index.php\/wp-json\/wp\/v2\/types\/post"}],"author":[{"embeddable":true,"href":"https:\/\/dgospel.com.br\/portal\/index.php\/wp-json\/wp\/v2\/users\/2"}],"replies":[{"embeddable":true,"href":"https:\/\/dgospel.com.br\/portal\/index.php\/wp-json\/wp\/v2\/comments?post=22644"}],"version-history":[{"count":1,"href":"https:\/\/dgospel.com.br\/portal\/index.php\/wp-json\/wp\/v2\/posts\/22644\/revisions"}],"predecessor-version":[{"id":22646,"href":"https:\/\/dgospel.com.br\/portal\/index.php\/wp-json\/wp\/v2\/posts\/22644\/revisions\/22646"}],"wp:featuredmedia":[{"embeddable":true,"href":"https:\/\/dgospel.com.br\/portal\/index.php\/wp-json\/wp\/v2\/media\/22645"}],"wp:attachment":[{"href":"https:\/\/dgospel.com.br\/portal\/index.php\/wp-json\/wp\/v2\/media?parent=22644"}],"wp:term":[{"taxonomy":"category","embeddable":true,"href":"https:\/\/dgospel.com.br\/portal\/index.php\/wp-json\/wp\/v2\/categories?post=22644"},{"taxonomy":"post_tag","embeddable":true,"href":"https:\/\/dgospel.com.br\/portal\/index.php\/wp-json\/wp\/v2\/tags?post=22644"}],"curies":[{"name":"wp","href":"https:\/\/api.w.org\/{rel}","templated":true}]}}