{"id":22647,"date":"2025-12-15T12:06:49","date_gmt":"2025-12-15T15:06:49","guid":{"rendered":"https:\/\/dgospel.com.br\/portal\/?p=22647"},"modified":"2025-12-15T12:06:50","modified_gmt":"2025-12-15T15:06:50","slug":"direita-vence-no-chile-e-jose-antonio-kast-e-eleito-presidente","status":"publish","type":"post","link":"https:\/\/dgospel.com.br\/portal\/index.php\/2025\/12\/15\/direita-vence-no-chile-e-jose-antonio-kast-e-eleito-presidente\/","title":{"rendered":"Direita vence no Chile e Jos\u00e9 Antonio Kast \u00e9 eleito presidente"},"content":{"rendered":"\n<p>O candidato de direita Jos\u00e9 Antonio Kast venceu neste domingo (14) as elei\u00e7\u00f5es presidenciais do Chile, derrotando no segundo turno a esquerdista Jeannette Jara por uma ampla margem de quase 18 pontos percentuais.<\/p>\n\n\n\n<p>Quando 83,4% da apura\u00e7\u00e3o estava conclu\u00edda, segundo dados do Servi\u00e7o Eleitoral (Servel), o ex-deputado, de 59 anos, tinha 58,61% dos votos, contra 41,39% da ex-ministra, de 51 anos e aliada do atual presidente, Gabriel Boric.<\/p>\n\n\n\n<p>O fundador do Partido Republicano venceu nas 16 regi\u00f5es do pa\u00eds, incluindo redutos de esquerda como Valpara\u00edso e a regi\u00e3o metropolitana de Santiago e teve diferen\u00e7a expressiva nas \u00e1reas de minera\u00e7\u00e3o do norte e nas agr\u00edcolas do sul.<\/p>\n\n\n\n<p>\u2013 H\u00e1 alguns minutos, recebemos a liga\u00e7\u00e3o de Jara \u2013 disse Arturo Squella, bra\u00e7o direito de Kast e presidente do Partido Republicano.<\/p>\n\n\n\n<p>\u2013 Nos sentimos muito orgulhosos do trabalho realizado, muito respons\u00e1veis por este tremendo sacrif\u00edcio de encarar as crises pelas quais o Chile est\u00e1 passando \u2013 acrescentou Squella.<\/p>\n\n\n\n<p>Esta \u00e9 a segunda maior vit\u00f3ria eleitoral desde o retorno do Chile \u00e0 democracia, atr\u00e1s apenas do triunfo por 24,3 pontos da ex-presidente de esquerda Michelle Bachelet sobre a conservadora Evelyn Matthei em 2013.<\/p>\n\n\n\n<p>Kast \u00e9 o primeiro simpatizante declarado do ex-ditador Augusto Pinochet a chegar ao Pal\u00e1cio de la Moneda no per\u00edodo democr\u00e1tico.<\/p>\n\n\n\n<p>Pai de 9 filhos e cat\u00f3lico fervoroso, Kast receber\u00e1 a faixa presidencial em 11 de mar\u00e7o das m\u00e3os de Boric, contra quem perdeu por ampla margem nas elei\u00e7\u00f5es presidenciais de 2021.<\/p>\n\n\n\n<p>Desde 2006, o poder tem se alternado entre esquerda e direita no Chile, e nenhum presidente entregou a faixa presidencial a um sucessor do mesmo ramo pol\u00edtico.<\/p>\n\n\n\n<p>A campanha girou quase de forma monotem\u00e1tica em torno do aumento da criminalidade e da imigra\u00e7\u00e3o ilegal, apesar de o Chile continuar sendo um dos pa\u00edses mais seguros do continente, com uma taxa de homic\u00eddios de 6 por cada 100 mil habitantes.<\/p>\n\n\n\n<p>Kast, com fortes v\u00ednculos com outros l\u00edderes de direita latino-americanos, como o ex-presidente Jair Bolsonaro, prometeu a expuls\u00e3o massiva de imigrantes ilegais e a constru\u00e7\u00e3o de pres\u00eddios de seguran\u00e7a m\u00e1xima com isolamento total para l\u00edderes do narcotr\u00e1fico.<\/p>\n\n\n\n<p>O pol\u00edtico, que em sua terceira tentativa conseguiu chegar \u00e0 presid\u00eancia, ter\u00e1 que lidar com um Legislativo sem for\u00e7as majorit\u00e1rias, onde o bloco de direita est\u00e1 a dois assentos da maioria no Congresso (76 de 155) e empatado com a esquerda no Senado.<\/p>\n\n\n\n<p>*EFE<\/p>\n","protected":false},"excerpt":{"rendered":"<p>O candidato de direita Jos\u00e9 Antonio Kast venceu neste domingo (14) as elei\u00e7\u00f5es presidenciais do Chile, derrotando no segundo turno a esquerdista Jeannette Jara por uma ampla margem de quase 18 pontos percentuais. Quando 83,4% da apura\u00e7\u00e3o estava conclu\u00edda, segundo dados do Servi\u00e7o Eleitoral (Servel), o ex-deputado, de 59 anos, tinha 58,61% dos votos, contra [&hellip;]<\/p>\n","protected":false},"author":2,"featured_media":22648,"comment_status":"open","ping_status":"open","sticky":false,"template":"","format":"standard","meta":[],"categories":[16],"tags":[13],"_links":{"self":[{"href":"https:\/\/dgospel.com.br\/portal\/index.php\/wp-json\/wp\/v2\/posts\/22647"}],"collection":[{"href":"https:\/\/dgospel.com.br\/portal\/index.php\/wp-json\/wp\/v2\/posts"}],"about":[{"href":"https:\/\/dgospel.com.br\/portal\/index.php\/wp-json\/wp\/v2\/types\/post"}],"author":[{"embeddable":true,"href":"https:\/\/dgospel.com.br\/portal\/index.php\/wp-json\/wp\/v2\/users\/2"}],"replies":[{"embeddable":true,"href":"https:\/\/dgospel.com.br\/portal\/index.php\/wp-json\/wp\/v2\/comments?post=22647"}],"version-history":[{"count":1,"href":"https:\/\/dgospel.com.br\/portal\/index.php\/wp-json\/wp\/v2\/posts\/22647\/revisions"}],"predecessor-version":[{"id":22649,"href":"https:\/\/dgospel.com.br\/portal\/index.php\/wp-json\/wp\/v2\/posts\/22647\/revisions\/22649"}],"wp:featuredmedia":[{"embeddable":true,"href":"https:\/\/dgospel.com.br\/portal\/index.php\/wp-json\/wp\/v2\/media\/22648"}],"wp:attachment":[{"href":"https:\/\/dgospel.com.br\/portal\/index.php\/wp-json\/wp\/v2\/media?parent=22647"}],"wp:term":[{"taxonomy":"category","embeddable":true,"href":"https:\/\/dgospel.com.br\/portal\/index.php\/wp-json\/wp\/v2\/categories?post=22647"},{"taxonomy":"post_tag","embeddable":true,"href":"https:\/\/dgospel.com.br\/portal\/index.php\/wp-json\/wp\/v2\/tags?post=22647"}],"curies":[{"name":"wp","href":"https:\/\/api.w.org\/{rel}","templated":true}]}}