{"id":22650,"date":"2025-12-15T12:20:53","date_gmt":"2025-12-15T15:20:53","guid":{"rendered":"https:\/\/dgospel.com.br\/portal\/?p=22650"},"modified":"2025-12-15T12:20:54","modified_gmt":"2025-12-15T15:20:54","slug":"governador-wanderlei-barbosa-nomeia-novos-secretarios-e-dirigentes-estaduais","status":"publish","type":"post","link":"https:\/\/dgospel.com.br\/portal\/index.php\/2025\/12\/15\/governador-wanderlei-barbosa-nomeia-novos-secretarios-e-dirigentes-estaduais\/","title":{"rendered":"Governador Wanderlei Barbosa nomeia novos secret\u00e1rios e dirigentes estaduais"},"content":{"rendered":"\n<p>O governador do Tocantins, Wanderlei Barbosa, nomeou nesta sexta-feira, 12, novos secret\u00e1rios de Estado, dirigentes e ocupantes de cargos estrat\u00e9gicos da administra\u00e7\u00e3o estadual. As nomea\u00e7\u00f5es foram publicadas no&nbsp;<a href=\"https:\/\/doe.to.gov.br\/diario\/5579\/download\" target=\"_blank\" rel=\"noreferrer noopener\">Di\u00e1rio Oficial do Estado&nbsp;<\/a>(DOE) e passam a valer conforme as datas estabelecidas em cada ato.<\/p>\n\n\n\n<p>Entre as nomea\u00e7\u00f5es est\u00e1 a da Katiuscya Alves Barbosa Chaves, que assume como secret\u00e1ria de Estado da Governadoria. A Secretaria de Estado da Sa\u00fade (SES\/TO) passa a ser comandada por Carlos Felinto J\u00fanior. J\u00e1 a Secretaria de Estado da Cidadania e Justi\u00e7a (Seciju) ter\u00e1 como titular H\u00e9lio Pereira Marques.&nbsp;<br><br>O governador nomeou Jos\u00e9 Anibal Rodrigues Alves Lamattina para o cargo de vice-presidente-executivo do Instituto Natureza do Tocantins (Naturatins).&nbsp;<br><br>Para a Ag\u00eancia de Minera\u00e7\u00e3o do Estado do Tocantins (Ameto), Joaquim Maia Leite Neto foi designado como vice-presidente-executivo. Na estrutura urbana e regional, Ubiratan Carvalho Fonseca assume como secret\u00e1rio de Estado das Cidades, Habita\u00e7\u00e3o e Desenvolvimento Regional.&nbsp;E, &nbsp;como secret\u00e1ria de Estado do Trabalho e Desenvolvimento Social, &nbsp;foi nomeada Cleizenir Divina dos Santos.&nbsp;<br><br>Na \u00e1rea esportiva, Atos Gomes de Ara\u00fajo foi nomeado secret\u00e1rio de Estado dos Esportes e Juventude, enquanto Athus de Oliveira Lima passa a exercer o cargo de secret\u00e1rio-executivo da mesma pasta. J\u00e1 Jefferson Maur\u00edcio da Silva foi designado secret\u00e1rio-executivo da Secretaria da Pesca e Aquicultura.<\/p>\n\n\n\n<p>Para exercer o cargo de secret\u00e1rio extraordin\u00e1rio de Desenvolvimento da Regi\u00e3o Metropolitana de Palmas, foi nomeado Andr\u00e9 Luiz Torres Gomes.&nbsp;<br><br>Hercy Ayres Rodrigues Filho foi nomeado presidente do Departamento Estadual de Tr\u00e2nsito do Tocantins (Detran\/TO). &nbsp;Ainda, Zen\u00f3bio Cruz da Silva Arruda J\u00fanior assume como secret\u00e1rio-executivo da Casa Civil.&nbsp;<br><br>Por fim, Cleber Jos\u00e9 Borges Sobrinho foi designado para exercer o cargo de chefe do Estado-Maior do Corpo de Bombeiros Militar do Estado do Tocantins (CBMTO). Para a Casa Militar, o governador nomeou Heitor Jos\u00e9 Costa Lins para o cargo de secret\u00e1rio-executivo.<\/p>\n\n\n\n<p><strong>Nomea\u00e7\u00f5es j\u00e1 publicadas&nbsp;<\/strong><br><br>Deocleciano Gomes Filho \u2013 secret\u00e1rio-chefe da Casa Civil<br><br>Bruno Sousa Azevedo \u2013 secret\u00e1rio de Estado da Seguran\u00e7a P\u00fablica<br><br>Donizeth Aparecido Silva \u2013 secret\u00e1rio de Estado da Fazenda<br><br>M\u00e1rcio Anderson Raimundo da Rocha \u2013 secret\u00e1rio de Estado da Comunica\u00e7\u00e3o<br><br>Paulo C\u00e9sar Benfica Filho \u2013 secret\u00e1rio de Estado da Administra\u00e7\u00e3o<br><br>F\u00e1bio Pereira Vaz \u2013 secret\u00e1rio de Estado da Educa\u00e7\u00e3o<br><br>Marcello de Lima Lelis \u2013 secret\u00e1rio de Estado do Meio Ambiente e Recursos H\u00eddricos<br><br>Milton Neris de Santana \u2013 secret\u00e1rio de Estado da Ind\u00fastria, Com\u00e9rcio e Servi\u00e7os<br><br>Francinaldo Machado B\u00f3 \u2013 secret\u00e1rio-chefe da Casa Militar<br><br>Markes Cristiana Oliveira dos Santos \u2013 secret\u00e1ria-executiva da Secretaria da Educa\u00e7\u00e3o<\/p>\n\n\n\n<p>Maur\u00edcio Parizotto Louren\u00e7o &#8211; secret\u00e1rio de Estado do Planejamento e Or\u00e7amento<\/p>\n\n\n\n<p>Pedro Henrique Cardoso Beckman &#8211; presidente da Ag\u00eancia Tocantinense de Saneamento (ATS)&nbsp;<\/p>\n\n\n\n<p>Edi\u00e7\u00e3o: Daniela Oliveira<\/p>\n","protected":false},"excerpt":{"rendered":"<p>O governador do Tocantins, Wanderlei Barbosa, nomeou nesta sexta-feira, 12, novos secret\u00e1rios de Estado, dirigentes e ocupantes de cargos estrat\u00e9gicos da administra\u00e7\u00e3o estadual. As nomea\u00e7\u00f5es foram publicadas no&nbsp;Di\u00e1rio Oficial do Estado&nbsp;(DOE) e passam a valer conforme as datas estabelecidas em cada ato. Entre as nomea\u00e7\u00f5es est\u00e1 a da Katiuscya Alves Barbosa Chaves, que assume como [&hellip;]<\/p>\n","protected":false},"author":2,"featured_media":22651,"comment_status":"open","ping_status":"open","sticky":false,"template":"","format":"standard","meta":[],"categories":[3],"tags":[13],"_links":{"self":[{"href":"https:\/\/dgospel.com.br\/portal\/index.php\/wp-json\/wp\/v2\/posts\/22650"}],"collection":[{"href":"https:\/\/dgospel.com.br\/portal\/index.php\/wp-json\/wp\/v2\/posts"}],"about":[{"href":"https:\/\/dgospel.com.br\/portal\/index.php\/wp-json\/wp\/v2\/types\/post"}],"author":[{"embeddable":true,"href":"https:\/\/dgospel.com.br\/portal\/index.php\/wp-json\/wp\/v2\/users\/2"}],"replies":[{"embeddable":true,"href":"https:\/\/dgospel.com.br\/portal\/index.php\/wp-json\/wp\/v2\/comments?post=22650"}],"version-history":[{"count":1,"href":"https:\/\/dgospel.com.br\/portal\/index.php\/wp-json\/wp\/v2\/posts\/22650\/revisions"}],"predecessor-version":[{"id":22652,"href":"https:\/\/dgospel.com.br\/portal\/index.php\/wp-json\/wp\/v2\/posts\/22650\/revisions\/22652"}],"wp:featuredmedia":[{"embeddable":true,"href":"https:\/\/dgospel.com.br\/portal\/index.php\/wp-json\/wp\/v2\/media\/22651"}],"wp:attachment":[{"href":"https:\/\/dgospel.com.br\/portal\/index.php\/wp-json\/wp\/v2\/media?parent=22650"}],"wp:term":[{"taxonomy":"category","embeddable":true,"href":"https:\/\/dgospel.com.br\/portal\/index.php\/wp-json\/wp\/v2\/categories?post=22650"},{"taxonomy":"post_tag","embeddable":true,"href":"https:\/\/dgospel.com.br\/portal\/index.php\/wp-json\/wp\/v2\/tags?post=22650"}],"curies":[{"name":"wp","href":"https:\/\/api.w.org\/{rel}","templated":true}]}}