{"id":22653,"date":"2025-12-17T12:20:03","date_gmt":"2025-12-17T15:20:03","guid":{"rendered":"https:\/\/dgospel.com.br\/portal\/?p=22653"},"modified":"2025-12-17T12:20:04","modified_gmt":"2025-12-17T15:20:04","slug":"deputado-gipao-encerra-2025-com-balanco-positivo","status":"publish","type":"post","link":"https:\/\/dgospel.com.br\/portal\/index.php\/2025\/12\/17\/deputado-gipao-encerra-2025-com-balanco-positivo\/","title":{"rendered":"Deputado Gip\u00e3o encerra 2025 com balan\u00e7o positivo"},"content":{"rendered":"\n<p>O deputado estadual Gip\u00e3o (PL) encerra o ano de 2025 com um balan\u00e7o positivo de sua atua\u00e7\u00e3o na Assembleia Legislativa do Tocantins. Ao longo do per\u00edodo, o parlamentar se destacou por a\u00e7\u00f5es voltadas ao desenvolvimento regional, justi\u00e7a social, infraestrutura, valoriza\u00e7\u00e3o dos servidores p\u00fablicos e fortalecimento de pol\u00edticas p\u00fablicas nas \u00e1reas da educa\u00e7\u00e3o, sa\u00fade, seguran\u00e7a, esporte, turismo e meio ambiente.<\/p>\n\n\n\n<p>Mesmo diante de um cen\u00e1rio desafiador, o parlamentar manteve uma atua\u00e7\u00e3o firme, respons\u00e1vel e pautada pelo di\u00e1logo, com foco nos munic\u00edpios e nas reais necessidades da popula\u00e7\u00e3o tocantinense.<\/p>\n\n\n\n<p>\u201cFoi um ano de muitos desafios, mas tamb\u00e9m de trabalho intenso, di\u00e1logo e conquistas. Seguimos comprometidos em transformar demandas em resultados concretos para o povo do Tocantins\u201d, destacou Gip\u00e3o.<\/p>\n\n\n\n<p><strong>Mandato Municipalista<\/strong><\/p>\n\n\n\n<p>Ao longo de 2025, Gip\u00e3o percorreu diversas regi\u00f5es do Tocantins, visitando munic\u00edpios, comunidades e lideran\u00e7as locais. A atua\u00e7\u00e3o pr\u00f3xima da popula\u00e7\u00e3o permitiu ao deputado acompanhar de perto a realidade de cada cidade, ouvir demandas, dialogar com gestores municipais e destinar emendas parlamentares de forma estrat\u00e9gica, garantindo investimentos alinhados \u00e0s necessidades locais.<\/p>\n\n\n\n<p><strong>Infraestrutura e Desenvolvimento Regional<\/strong><\/p>\n\n\n\n<p>Entre os principais destaques do ano est\u00e1 a aprova\u00e7\u00e3o do Projeto de Lei Complementar que cria a Regi\u00e3o Metropolitana de Aragua\u00edna, de autoria do parlamentar. A proposta representa um marco hist\u00f3rico para o norte do Tocantins, ao permitir planejamento integrado, amplia\u00e7\u00e3o de investimentos e melhorias em \u00e1reas como mobilidade urbana, sa\u00fade, seguran\u00e7a e infraestrutura.<\/p>\n\n\n\n<p>Tamb\u00e9m foi aprovada a emenda aditiva \u00e0 Lei de Diretrizes Or\u00e7ament\u00e1rias (LDO) de 2026, apresentada por Gip\u00e3o, que inclui como meta priorit\u00e1ria a constru\u00e7\u00e3o de uma ponte para atender assentamentos rurais, garantindo acesso e liga\u00e7\u00e3o direta com o munic\u00edpio de Aragominas.<\/p>\n\n\n\n<p>Outro avan\u00e7o importante foi a autoriza\u00e7\u00e3o para a duplica\u00e7\u00e3o da Rodovia TO-222, no trecho entre Aragua\u00edna e o Distrito de Novo Horizonte, al\u00e9m da extens\u00e3o at\u00e9 o trevo de Baba\u00e7ul\u00e2ndia. A obra, defendida pelo deputado na Assembleia Legislativa, representa um investimento estrat\u00e9gico para a mobilidade, seguran\u00e7a vi\u00e1ria e desenvolvimento econ\u00f4mico da regi\u00e3o.<\/p>\n\n\n\n<p><strong>Mobilidade e Economia<\/strong><\/p>\n\n\n\n<p>O deputado comemorou ainda a retomada dos voos comerciais no aeroporto de Aragua\u00edna, resultado de uma articula\u00e7\u00e3o iniciada ainda em 2019. A medida fortalece a mobilidade regional, impulsiona a economia e reconecta o norte do Tocantins ao restante do pa\u00eds.<\/p>\n\n\n\n<p>Gip\u00e3o tamb\u00e9m protocolou requerimento solicitando a redu\u00e7\u00e3o das al\u00edquotas do IPVA, defendendo justi\u00e7a fiscal, al\u00edvio financeiro para as fam\u00edlias tocantinenses e est\u00edmulo \u00e0 economia estadual.<\/p>\n\n\n\n<p><strong>Educa\u00e7\u00e3o, Sa\u00fade e Seguran\u00e7a<\/strong><\/p>\n\n\n\n<p>Na \u00e1rea da educa\u00e7\u00e3o, o parlamentar acompanhou e apoiou a assinatura do Plano de Cargos, Carreira e Remunera\u00e7\u00e3o (PCCR), reafirmando seu compromisso com a valoriza\u00e7\u00e3o dos profissionais da rede estadual.<\/p>\n\n\n\n<p>Na sa\u00fade, apresentou o Projeto de Lei que institui o Dia Estadual do Acolhimento do Paciente Oncol\u00f3gico, refor\u00e7ando a import\u00e2ncia do cuidado humanizado.<\/p>\n\n\n\n<p>J\u00e1 na seguran\u00e7a p\u00fablica, solicitou a realiza\u00e7\u00e3o de concurso p\u00fablico para a Pol\u00edcia Civil e prop\u00f4s a instala\u00e7\u00e3o de academias de preparo f\u00edsico para os agentes, visando melhores condi\u00e7\u00f5es de trabalho e qualidade no atendimento \u00e0 popula\u00e7\u00e3o.<\/p>\n\n\n\n<p><strong>A\u00e7\u00f5es Sociais, Meio Ambiente e Turismo<\/strong><\/p>\n\n\n\n<p>Gip\u00e3o apresentou projetos voltados \u00e0 educa\u00e7\u00e3o inclusiva, garantindo profissionais de apoio em tempo integral para alunos com necessidades especiais. Tamb\u00e9m prop\u00f4s iniciativas para ampliar o acesso \u00e0 justi\u00e7a por meio da Assist\u00eancia Jur\u00eddica Itinerante.<\/p>\n\n\n\n<p>Na \u00e1rea ambiental, destacou-se com o Programa Tocantins Verde, voltado \u00e0 educa\u00e7\u00e3o ambiental, reciclagem e reflorestamento, al\u00e9m do Programa de Fomento ao Turismo Sustent\u00e1vel, que incentiva o ecoturismo como vetor de desenvolvimento local.<\/p>\n\n\n\n<p><strong>Defesa das Pautas Crist\u00e3s<\/strong><\/p>\n\n\n\n<p>Reconhecido como defensor das pautas crist\u00e3s, Gip\u00e3o manteve protagonismo ao longo de 2025 na valoriza\u00e7\u00e3o da f\u00e9, da liberdade religiosa e do papel social das igrejas. O parlamentar promoveu, mais uma vez, a Sess\u00e3o Solene em homenagem ao Dia do Evang\u00e9lico, na Assembleia Legislativa, al\u00e9m de apoiar e incentivar a realiza\u00e7\u00e3o de eventos crist\u00e3os em diversos munic\u00edpios, fortalecendo a\u00e7\u00f5es de f\u00e9, solidariedade, cidadania e apoio \u00e0s fam\u00edlias tocantinenses.<\/p>\n\n\n\n<p><strong>Esporte e Lazer<\/strong><\/p>\n\n\n\n<p>No setor esportivo, o deputado apresentou requerimento solicitando a reforma do Est\u00e1dio Mirand\u00e3o, em Aragua\u00edna. A demanda avan\u00e7ou e resultou na assinatura da Ordem de Servi\u00e7o, garantindo a execu\u00e7\u00e3o da obra e refor\u00e7ando o esporte como ferramenta de inclus\u00e3o social, lazer e gera\u00e7\u00e3o de renda.<\/p>\n","protected":false},"excerpt":{"rendered":"<p>O deputado estadual Gip\u00e3o (PL) encerra o ano de 2025 com um balan\u00e7o positivo de sua atua\u00e7\u00e3o na Assembleia Legislativa do Tocantins. Ao longo do per\u00edodo, o parlamentar se destacou por a\u00e7\u00f5es voltadas ao desenvolvimento regional, justi\u00e7a social, infraestrutura, valoriza\u00e7\u00e3o dos servidores p\u00fablicos e fortalecimento de pol\u00edticas p\u00fablicas nas \u00e1reas da educa\u00e7\u00e3o, sa\u00fade, seguran\u00e7a, esporte, [&hellip;]<\/p>\n","protected":false},"author":2,"featured_media":22654,"comment_status":"open","ping_status":"open","sticky":false,"template":"","format":"standard","meta":[],"categories":[8],"tags":[],"_links":{"self":[{"href":"https:\/\/dgospel.com.br\/portal\/index.php\/wp-json\/wp\/v2\/posts\/22653"}],"collection":[{"href":"https:\/\/dgospel.com.br\/portal\/index.php\/wp-json\/wp\/v2\/posts"}],"about":[{"href":"https:\/\/dgospel.com.br\/portal\/index.php\/wp-json\/wp\/v2\/types\/post"}],"author":[{"embeddable":true,"href":"https:\/\/dgospel.com.br\/portal\/index.php\/wp-json\/wp\/v2\/users\/2"}],"replies":[{"embeddable":true,"href":"https:\/\/dgospel.com.br\/portal\/index.php\/wp-json\/wp\/v2\/comments?post=22653"}],"version-history":[{"count":1,"href":"https:\/\/dgospel.com.br\/portal\/index.php\/wp-json\/wp\/v2\/posts\/22653\/revisions"}],"predecessor-version":[{"id":22655,"href":"https:\/\/dgospel.com.br\/portal\/index.php\/wp-json\/wp\/v2\/posts\/22653\/revisions\/22655"}],"wp:featuredmedia":[{"embeddable":true,"href":"https:\/\/dgospel.com.br\/portal\/index.php\/wp-json\/wp\/v2\/media\/22654"}],"wp:attachment":[{"href":"https:\/\/dgospel.com.br\/portal\/index.php\/wp-json\/wp\/v2\/media?parent=22653"}],"wp:term":[{"taxonomy":"category","embeddable":true,"href":"https:\/\/dgospel.com.br\/portal\/index.php\/wp-json\/wp\/v2\/categories?post=22653"},{"taxonomy":"post_tag","embeddable":true,"href":"https:\/\/dgospel.com.br\/portal\/index.php\/wp-json\/wp\/v2\/tags?post=22653"}],"curies":[{"name":"wp","href":"https:\/\/api.w.org\/{rel}","templated":true}]}}