{"id":22656,"date":"2025-12-17T12:25:58","date_gmt":"2025-12-17T15:25:58","guid":{"rendered":"https:\/\/dgospel.com.br\/portal\/?p=22656"},"modified":"2025-12-17T12:25:59","modified_gmt":"2025-12-17T15:25:59","slug":"conservadores-se-reunem-em-grande-clamor-pelo-brasil-no-es","status":"publish","type":"post","link":"https:\/\/dgospel.com.br\/portal\/index.php\/2025\/12\/17\/conservadores-se-reunem-em-grande-clamor-pelo-brasil-no-es\/","title":{"rendered":"Conservadores se re\u00fanem em \u201cGrande Clamor Pelo Brasil\u201d no ES"},"content":{"rendered":"\n<p>No pr\u00f3ximo dia 22 de dezembro, ser\u00e1 realizado o Grande Clamor pelo Brasil, um culto aberto ao p\u00fablico no estado do Esp\u00edrito Santo. O encontro \u00e9 idealizado e promovido pelo senador Magno Malta, e se prop\u00f5e a ser uma express\u00e3o de f\u00e9, unidade e intercess\u00e3o pelo pa\u00eds.<\/p>\n\n\n\n<p>O evento contar\u00e1 com a participa\u00e7\u00e3o de importantes lideran\u00e7as pol\u00edticas, religiosas e nomes de destaque nacional, entre eles: Davi Sacer, Fernanda Brum, Pr. Ed\u00e9sio, senador Fl\u00e1vio Bolsonaro, Carlos Bolsonaro, vereador Renan Bolsonaro, senador Magno Malta, senador Eduardo Gir\u00e3o, Beatriz e Maguinha Malta.<\/p>\n\n\n\n<p>Malta afirma que o Grande Clamor pelo Brasil \u00e9 um desejo antigo de seu cora\u00e7\u00e3o. Ele convida igrejas, fam\u00edlias e cidad\u00e3os conservadores a participarem deste momento de ora\u00e7\u00e3o pelo futuro da na\u00e7\u00e3o.<\/p>\n\n\n\n<p>Com entrada franca, o evento est\u00e1 previsto para acontecer das 19h30 \u00e0s 21h30 no Espa\u00e7o Patrick Ribeiro, localizado em Goiabeiras, no Esp\u00edrito Santo.<\/p>\n","protected":false},"excerpt":{"rendered":"<p>No pr\u00f3ximo dia 22 de dezembro, ser\u00e1 realizado o Grande Clamor pelo Brasil, um culto aberto ao p\u00fablico no estado do Esp\u00edrito Santo. O encontro \u00e9 idealizado e promovido pelo senador Magno Malta, e se prop\u00f5e a ser uma express\u00e3o de f\u00e9, unidade e intercess\u00e3o pelo pa\u00eds. O evento contar\u00e1 com a participa\u00e7\u00e3o de importantes [&hellip;]<\/p>\n","protected":false},"author":2,"featured_media":22657,"comment_status":"open","ping_status":"open","sticky":false,"template":"","format":"standard","meta":[],"categories":[12,5],"tags":[],"_links":{"self":[{"href":"https:\/\/dgospel.com.br\/portal\/index.php\/wp-json\/wp\/v2\/posts\/22656"}],"collection":[{"href":"https:\/\/dgospel.com.br\/portal\/index.php\/wp-json\/wp\/v2\/posts"}],"about":[{"href":"https:\/\/dgospel.com.br\/portal\/index.php\/wp-json\/wp\/v2\/types\/post"}],"author":[{"embeddable":true,"href":"https:\/\/dgospel.com.br\/portal\/index.php\/wp-json\/wp\/v2\/users\/2"}],"replies":[{"embeddable":true,"href":"https:\/\/dgospel.com.br\/portal\/index.php\/wp-json\/wp\/v2\/comments?post=22656"}],"version-history":[{"count":1,"href":"https:\/\/dgospel.com.br\/portal\/index.php\/wp-json\/wp\/v2\/posts\/22656\/revisions"}],"predecessor-version":[{"id":22658,"href":"https:\/\/dgospel.com.br\/portal\/index.php\/wp-json\/wp\/v2\/posts\/22656\/revisions\/22658"}],"wp:featuredmedia":[{"embeddable":true,"href":"https:\/\/dgospel.com.br\/portal\/index.php\/wp-json\/wp\/v2\/media\/22657"}],"wp:attachment":[{"href":"https:\/\/dgospel.com.br\/portal\/index.php\/wp-json\/wp\/v2\/media?parent=22656"}],"wp:term":[{"taxonomy":"category","embeddable":true,"href":"https:\/\/dgospel.com.br\/portal\/index.php\/wp-json\/wp\/v2\/categories?post=22656"},{"taxonomy":"post_tag","embeddable":true,"href":"https:\/\/dgospel.com.br\/portal\/index.php\/wp-json\/wp\/v2\/tags?post=22656"}],"curies":[{"name":"wp","href":"https:\/\/api.w.org\/{rel}","templated":true}]}}