{"id":22659,"date":"2025-12-17T12:58:28","date_gmt":"2025-12-17T15:58:28","guid":{"rendered":"https:\/\/dgospel.com.br\/portal\/?p=22659"},"modified":"2025-12-17T12:58:29","modified_gmt":"2025-12-17T15:58:29","slug":"berco-do-cristianismo-siria-perde-80-de-sua-populacao-crista-em-14-anos","status":"publish","type":"post","link":"https:\/\/dgospel.com.br\/portal\/index.php\/2025\/12\/17\/berco-do-cristianismo-siria-perde-80-de-sua-populacao-crista-em-14-anos\/","title":{"rendered":"Ber\u00e7o do Cristianismo, S\u00edria perde 80% de sua popula\u00e7\u00e3o crist\u00e3 em 14 anos"},"content":{"rendered":"\n<p>Com ra\u00edzes de dois mil\u00eanios, a&nbsp;<strong><a href=\"https:\/\/guiame.com.br\/colunistas\/jarbas-aragao\/em-meio-conflitos-cidade-crista-na-siria-mantem-viva-lingua-que-jesus-falava.html\">presen\u00e7a crist\u00e3 na S\u00edria<\/a><\/strong>&nbsp;sofreu uma redu\u00e7\u00e3o alarmante: 80% desde 2011, segundo relat\u00f3rio divulgado pela organiza\u00e7\u00e3o \u201cOeuvre d\u2019Orient\u201d (Obra do Oriente, em portugu\u00eas).<\/p>\n\n\n\n<p>Essa tradi\u00e7\u00e3o remonta aos primeiros s\u00e9culos do Cristianismo. A regi\u00e3o \u00e9 considerada um dos ber\u00e7os da f\u00e9 crist\u00e3, mencionada no&nbsp;<strong><a href=\"https:\/\/guiame.com.br\/gospel\/noticias\/prefeitura-de-curitiba-permite-distribuicao-de-novos-testamentos-em-escolas-municipais.html\">Novo Testamento<\/a><\/strong>&nbsp;como parte das rotas mission\u00e1rias dos ap\u00f3stolos.<\/p>\n\n\n\n<p>Cidades como Antioquia, hoje no territ\u00f3rio s\u00edrio, foram centros fundamentais para a difus\u00e3o da mensagem crist\u00e3 e para a forma\u00e7\u00e3o das primeiras comunidades.<\/p>\n\n\n\n<p>Essa longa hist\u00f3ria confere \u00e0 presen\u00e7a crist\u00e3 na S\u00edria um valor cultural e espiritual \u00fanico, tornando sua redu\u00e7\u00e3o atual um marco preocupante para a diversidade religiosa e para a preserva\u00e7\u00e3o de um patrim\u00f4nio hist\u00f3rico milenar.<\/p>\n\n\n\n<p>Esse cen\u00e1rio hist\u00f3rico contrasta de forma dram\u00e1tica com a realidade atual: restam hoje cerca de 300 a 400 mil crist\u00e3os, em sua maioria idosos, o que indica risco de desaparecimento da comunidade no pa\u00eds.<\/p>\n\n\n\n<p><strong>Pris\u00f5es, torturas e abusos<\/strong><\/p>\n\n\n\n<p>A viol\u00eancia atingiu todos os s\u00edrios, mas a comunidade crist\u00e3 parece ter sido a mais afetada. Bairros crist\u00e3os como Midan, em Aleppo, situados na linha de frente, foram especialmente vulner\u00e1veis.<\/p>\n\n\n\n<p>Junto a outras minorias, sofreram nas m\u00e3os de grupos terroristas isl\u00e2micos.<\/p>\n\n\n\n<p>Vincent G\u00e9lot, gerente de projetos da Oeuvre d\u2019Orient na S\u00edria e no L\u00edbano, relata o drama vivido em Raqqa, onde o Estado Isl\u00e2mico imp\u00f4s taxas aos crist\u00e3os e praticou pris\u00f5es arbitr\u00e1rias, tortura e outros abusos.<\/p>\n\n\n\n<p>Ele tamb\u00e9m menciona, por exemplo, o sequestro de 230 civis, incluindo cerca de 60 crist\u00e3os sir\u00edacos, 45 mulheres e 19 crian\u00e7as em Al-Qaryatayn, em 2015.<\/p>\n\n\n\n<p>O patrim\u00f4nio crist\u00e3o tamb\u00e9m sofreu grandes perdas. Durante a guerra, locais de culto foram danificados e alguns foram alvos deliberados.<\/p>\n\n\n\n<p><strong>\u00caxodo crist\u00e3o<\/strong><\/p>\n\n\n\n<p>O \u00eaxodo foi impulsionado por guerra civil,<strong>&nbsp;<a href=\"https:\/\/guiame.com.br\/colunistas\/silas-anastacio\/maior-perseguicao-de-cristaos-da-historia.html\">persegui\u00e7\u00f5es religiosas<\/a><\/strong>, san\u00e7\u00f5es internacionais, servi\u00e7o militar obrigat\u00f3rio e o terremoto de 2023. Ataques contra igrejas e sequestros por grupos extremistas agravaram a situa\u00e7\u00e3o.<\/p>\n\n\n\n<p>Em Deir Ezzor, hoje 75% destru\u00edda, restam apenas quatro crist\u00e3os \u2013 um n\u00famero que contrasta com os 7 mil antes da guerra iniciada em 2011.<\/p>\n\n\n\n<p>O conflito j\u00e1 tirou mais de 520 mil vidas, gerou 7 milh\u00f5es de refugiados e deslocou outros 6 milh\u00f5es. Dezenas de milhares continuam desaparecidos.<\/p>\n\n\n\n<p>Embora tenha se apresentado como protetor das minorias religiosas, o regime de&nbsp;<strong><a href=\"https:\/\/guiame.com.br\/gospel\/noticias\/com-queda-de-assad-na-siria-cristaos-enfrentam-futuro-incerto-e-perigoso.html?fbclid=IwY2xjawHEMLBleHRuA2FlbQIxMQABHU8vSicJAlxtby6XooOd9LZBwqerL7ltiQG_fuI9Nk0c29WKIZhjUuMoXA_aem_vECmiBhAVqo43BQBHMxAWA\">Bashar al-Assad<\/a><\/strong>&nbsp;n\u00e3o conseguiu evitar o \u00eaxodo crist\u00e3o durante a guerra civil.<\/p>\n\n\n\n<p><img src=\"https:\/\/thumbor.guiame.com.br\/unsafe\/smart\/https:\/\/media.guiame.com.br\/archives\/2025\/12\/17\/926188825-.jpg\" alt=\"\" width=\"600\"><sup>Cen\u00e1rio de guerra na S\u00edria. (Foto: Open Doors)<\/sup><\/p>\n\n\n\n<p>A prolongada instabilidade, somada \u00e0 repress\u00e3o pol\u00edtica e \u00e0s san\u00e7\u00f5es internacionais contra o governo, agravou a crise econ\u00f4mica e social, tornando a perman\u00eancia das comunidades crist\u00e3s cada vez mais dif\u00edcil. Al\u00e9m disso, a falta de garantias de seguran\u00e7a e liberdade religiosa em \u00e1reas sob controle estatal contribuiu para que muitos buscassem ref\u00fagio no exterior.<\/p>\n\n\n\n<p><strong>Rede de apoio<\/strong><\/p>\n\n\n\n<p>Embora as estat\u00edsticas sejam limitadas em um pa\u00eds que sai de 14 anos de guerra, dados fornecidos pelas pr\u00f3prias comunidades indicam que cerca de 2 milh\u00f5es de pessoas s\u00e3o beneficiadas pela rede de associa\u00e7\u00f5es crist\u00e3s, segundo a organiza\u00e7\u00e3o.<\/p>\n\n\n\n<p>No campo humanit\u00e1rio e social, incluindo o apoio a pessoas com defici\u00eancia e a promo\u00e7\u00e3o da reconcilia\u00e7\u00e3o, os crist\u00e3os atuam por meio de uma ampla rede de organiza\u00e7\u00f5es.<\/p>\n\n\n\n<p>Muitas delas surgiram durante a guerra, destacou G\u00e9lot, em videoconfer\u00eancia.<\/p>\n\n\n\n<p>A Oeuvre d\u2019Orient, em parceria com o Hope Center Syria, ressalta que cerca de 117 mil s\u00edrios de diferentes religi\u00f5es recebem atendimento todos os anos em quatro hospitais crist\u00e3os localizados em Damasco e Aleppo, considerados \u201centre os melhores do pa\u00eds pela qualidade e capacidade de servi\u00e7o\u201d, segundo G\u00e9lot.<\/p>\n\n\n\n<p><strong>Educar as crian\u00e7as<\/strong><\/p>\n\n\n\n<p>A educa\u00e7\u00e3o \u00e9 \u201cuma grande prioridade\u201d. As Igrejas est\u00e3o profundamente envolvidas na educa\u00e7\u00e3o, administrando 57 escolas que educam 30 mil alunos em todo o pa\u00eds.<\/p>\n\n\n\n<p>Crian\u00e7as de diferentes religi\u00f5es est\u00e3o matriculadas, promovendo o aprendizado de valores de paz e toler\u00e2ncia, al\u00e9m das disciplinas tradicionais.<\/p>\n\n\n\n<p>Est\u00e3o em curso negocia\u00e7\u00f5es para recuperar 30 das 67 escolas que foram confiscadas pelo Partido Baath.<\/p>\n\n\n\n<p>Em \u00e1reas devastadas pela guerra, como Deir Ezzor e Suwayda, recuperar uma escola seria crucial para \u201creacender a atividade mission\u00e1ria\u201d e \u201crestabelecer conex\u00f5es entre a pequena minoria crist\u00e3 local e o restante da popula\u00e7\u00e3o\u201d.<\/p>\n\n\n\n<p>O relat\u00f3rio alerta para sinais de islamiza\u00e7\u00e3o e discrimina\u00e7\u00e3o nos materiais escolares, pedindo mecanismos de justi\u00e7a e fundos internacionais para garantir diversidade religiosa.<\/p>\n\n\n\n<p>Um decreto ministerial, aplic\u00e1vel ao ano letivo atual, prop\u00f5e uma reinterpreta\u00e7\u00e3o da hist\u00f3ria s\u00edria; \u201cos nomes de deuses que remontam ao per\u00edodo pr\u00e9-isl\u00e2mico foram removidos\u201d, relata seu chefe de miss\u00e3o no pa\u00eds.<\/p>\n\n\n\n<p><strong>Decl\u00ednio econ\u00f4mico e demogr\u00e1fico brutal<\/strong><\/p>\n\n\n\n<p>A comunidade crist\u00e3 ainda paga o pre\u00e7o da guerra ainda hoje.<\/p>\n\n\n\n<figure class=\"wp-block-image\"><img src=\"https:\/\/thumbor.guiame.com.br\/unsafe\/smart\/https:\/\/media.guiame.com.br\/archives\/2025\/12\/17\/2592472096-.jpg\" alt=\"\"\/><\/figure>\n\n\n\n<p><sup>Crist\u00e3o em ora\u00e7\u00e3o. (Foto: Open Doors)<\/sup><\/p>\n\n\n\n<p>Segundo G\u00e9lot, eles perderam propriedades, terras e sofreram um decl\u00ednio social.<\/p>\n\n\n\n<p>\u201cAtualmente, 90% da popula\u00e7\u00e3o s\u00edria vive abaixo da linha da pobreza, e os crist\u00e3os fazem parte dessa popula\u00e7\u00e3o empobrecida. \u00c9 tamb\u00e9m uma comunidade que sofreu um decl\u00ednio massivo. 80% da comunidade crist\u00e3, que estava presente h\u00e1 2.000 anos, desapareceu em apenas quatorze anos. \u00c9 brutal\u201d, relata.<\/p>\n\n\n\n<p>Em Aleppo, apenas um sexto dos crist\u00e3os que viviam na cidade antes da guerra permanece.<\/p>\n\n\n\n<p>Mas \u201centre os 20% de crist\u00e3os que permanecem, estamos lidando com uma comunidade bastante idosa. Mais de 50% dos membros dessa comunidade t\u00eam mais de 50 anos\u201d.<\/p>\n\n\n\n<p>\u201cPortanto, estamos diante de uma pir\u00e2mide et\u00e1ria invertida, com um decl\u00ednio acentuado no n\u00famero de jovens em rela\u00e7\u00e3o aos idosos\u201d, explica o chefe da miss\u00e3o da Oeuvre d\u2019Orient na S\u00edria.<\/p>\n\n\n\n<p><strong>Ataques a igrejas<\/strong><\/p>\n\n\n\n<p>Conclu\u00eddo em setembro, o relat\u00f3rio tamb\u00e9m aborda os primeiros meses sob as novas autoridades s\u00edrias.<\/p>\n\n\n\n<p>O pa\u00eds ganhou f\u00f4lego econ\u00f4mico com o fim das san\u00e7\u00f5es internacionais, mas antigas divis\u00f5es voltaram \u00e0 tona ap\u00f3s 54 anos de ditadura da fam\u00edlia Assad e anos de guerra.<\/p>\n\n\n\n<p>A viol\u00eancia comunit\u00e1ria explodiu em mar\u00e7o, no litoral, contra os alau\u00edtas e, em junho, contra os crist\u00e3os, durante o ataque \u00e0&nbsp;<a href=\"https:\/\/guiame.com.br\/gospel\/noticias\/homem-bomba-ataca-igreja-na-siria-e-deixa-cristaos-mortos.html\"><strong>igreja de Mar Elias<\/strong><\/a>.<\/p>\n\n\n\n<p><img src=\"https:\/\/thumbor.guiame.com.br\/unsafe\/smart\/https:\/\/media.guiame.com.br\/archives\/2025\/06\/22\/2510645983-ataque-terrorista-siria.png\" alt=\"\" width=\"600\"><sup>Ataque terrorista deixou pelo menos 20 mortos em igreja na S\u00edria. (Foto: Captura de tela\/YouTube\/Telly Guru)<\/sup><\/p>\n\n\n\n<p>\u201cNunca durante a guerra uma igreja havia sido atacada durante a Missa\u201d, destacou Vincent G\u00e9lot, que, para enfatizar a raridade desse tipo de viol\u00eancia, lembrou os atentados contra igrejas ortodoxas coptas e seus fi\u00e9is no Egito em 2016 e 2017, al\u00e9m do ataque \u00e0 Igreja de Nossa Senhora do Perp\u00e9tuo Socorro, em Bagd\u00e1, em 2010.<\/p>\n\n\n\n<p>Mais recentemente, a comunidade drusa tamb\u00e9m passou a ser alvo de ataques, com popula\u00e7\u00f5es deslocadas. De Homs a Latakia, passando por Hama, foram registrados problemas de seguran\u00e7a.<\/p>\n\n\n\n<p>Mulheres alau\u00edtas chegaram a ser sequestradas por grupos isolados, e, segundo relatos, \u201cas novas autoridades permitiram que isso acontecesse\u201d.<\/p>\n\n\n\n<p>Atualmente, h\u00e1 um di\u00e1logo aberto entre as Igrejas e o presidente de transi\u00e7\u00e3o em Damasco. Reuni\u00f5es j\u00e1 foram realizadas com o presidente Al-Sharh, nas quais patriarcas e bispos apresentaram suas perspectivas sobre \u201co que est\u00e1 funcionando e o que n\u00e3o est\u00e1\u201d.<\/p>\n","protected":false},"excerpt":{"rendered":"<p>Com ra\u00edzes de dois mil\u00eanios, a&nbsp;presen\u00e7a crist\u00e3 na S\u00edria&nbsp;sofreu uma redu\u00e7\u00e3o alarmante: 80% desde 2011, segundo relat\u00f3rio divulgado pela organiza\u00e7\u00e3o \u201cOeuvre d\u2019Orient\u201d (Obra do Oriente, em portugu\u00eas). Essa tradi\u00e7\u00e3o remonta aos primeiros s\u00e9culos do Cristianismo. A regi\u00e3o \u00e9 considerada um dos ber\u00e7os da f\u00e9 crist\u00e3, mencionada no&nbsp;Novo Testamento&nbsp;como parte das rotas mission\u00e1rias dos ap\u00f3stolos. Cidades [&hellip;]<\/p>\n","protected":false},"author":2,"featured_media":22660,"comment_status":"open","ping_status":"open","sticky":false,"template":"","format":"standard","meta":[],"categories":[12,16],"tags":[],"_links":{"self":[{"href":"https:\/\/dgospel.com.br\/portal\/index.php\/wp-json\/wp\/v2\/posts\/22659"}],"collection":[{"href":"https:\/\/dgospel.com.br\/portal\/index.php\/wp-json\/wp\/v2\/posts"}],"about":[{"href":"https:\/\/dgospel.com.br\/portal\/index.php\/wp-json\/wp\/v2\/types\/post"}],"author":[{"embeddable":true,"href":"https:\/\/dgospel.com.br\/portal\/index.php\/wp-json\/wp\/v2\/users\/2"}],"replies":[{"embeddable":true,"href":"https:\/\/dgospel.com.br\/portal\/index.php\/wp-json\/wp\/v2\/comments?post=22659"}],"version-history":[{"count":1,"href":"https:\/\/dgospel.com.br\/portal\/index.php\/wp-json\/wp\/v2\/posts\/22659\/revisions"}],"predecessor-version":[{"id":22661,"href":"https:\/\/dgospel.com.br\/portal\/index.php\/wp-json\/wp\/v2\/posts\/22659\/revisions\/22661"}],"wp:featuredmedia":[{"embeddable":true,"href":"https:\/\/dgospel.com.br\/portal\/index.php\/wp-json\/wp\/v2\/media\/22660"}],"wp:attachment":[{"href":"https:\/\/dgospel.com.br\/portal\/index.php\/wp-json\/wp\/v2\/media?parent=22659"}],"wp:term":[{"taxonomy":"category","embeddable":true,"href":"https:\/\/dgospel.com.br\/portal\/index.php\/wp-json\/wp\/v2\/categories?post=22659"},{"taxonomy":"post_tag","embeddable":true,"href":"https:\/\/dgospel.com.br\/portal\/index.php\/wp-json\/wp\/v2\/tags?post=22659"}],"curies":[{"name":"wp","href":"https:\/\/api.w.org\/{rel}","templated":true}]}}