{"id":22662,"date":"2025-12-18T17:04:37","date_gmt":"2025-12-18T20:04:37","guid":{"rendered":"https:\/\/dgospel.com.br\/portal\/?p=22662"},"modified":"2025-12-18T17:04:39","modified_gmt":"2025-12-18T20:04:39","slug":"pesquisa-nikolas-e-o-politico-mais-bem-avaliado-do-brasil","status":"publish","type":"post","link":"https:\/\/dgospel.com.br\/portal\/index.php\/2025\/12\/18\/pesquisa-nikolas-e-o-politico-mais-bem-avaliado-do-brasil\/","title":{"rendered":"Pesquisa: Nikolas \u00e9 o politico mais bem avaliado do Brasil"},"content":{"rendered":"\n<p>A A pesquisa feita pelo Atlas Intel\/Bloomberg apontou o Deputado Federal Nikolas Ferreira (PL-MG) como o pol\u00edtico mais bem avaliado do Brasil. Os dados foram divulgados nesta quinta (18).<\/p>\n\n\n\n<p>O levantamento foi feito entre os dias 10 e 15 de dezembro, por meio do m\u00e9todo de Recrutamento Digital Aleat\u00f3rio.<\/p>\n\n\n\n<p>Ao todo, foram 18.154 entrevistados. A margem de erro \u00e9 de um ponto e o n\u00edvel de confian\u00e7a \u00e9 de 95%.<\/p>\n\n\n\n<p><strong>Confira a tabela abaixo:<\/strong><\/p>\n\n\n\n<figure class=\"wp-block-image\"><img src=\"https:\/\/static.cdn.pleno.news\/2025\/12\/WhatsApp-Image-2025-12-18-at-14.06.32-1024x468.jpeg\" alt=\"\" class=\"wp-image-1608079\"\/><\/figure>\n","protected":false},"excerpt":{"rendered":"<p>A A pesquisa feita pelo Atlas Intel\/Bloomberg apontou o Deputado Federal Nikolas Ferreira (PL-MG) como o pol\u00edtico mais bem avaliado do Brasil. Os dados foram divulgados nesta quinta (18). O levantamento foi feito entre os dias 10 e 15 de dezembro, por meio do m\u00e9todo de Recrutamento Digital Aleat\u00f3rio. Ao todo, foram 18.154 entrevistados. A [&hellip;]<\/p>\n","protected":false},"author":2,"featured_media":22663,"comment_status":"open","ping_status":"open","sticky":false,"template":"","format":"standard","meta":[],"categories":[4],"tags":[13],"_links":{"self":[{"href":"https:\/\/dgospel.com.br\/portal\/index.php\/wp-json\/wp\/v2\/posts\/22662"}],"collection":[{"href":"https:\/\/dgospel.com.br\/portal\/index.php\/wp-json\/wp\/v2\/posts"}],"about":[{"href":"https:\/\/dgospel.com.br\/portal\/index.php\/wp-json\/wp\/v2\/types\/post"}],"author":[{"embeddable":true,"href":"https:\/\/dgospel.com.br\/portal\/index.php\/wp-json\/wp\/v2\/users\/2"}],"replies":[{"embeddable":true,"href":"https:\/\/dgospel.com.br\/portal\/index.php\/wp-json\/wp\/v2\/comments?post=22662"}],"version-history":[{"count":1,"href":"https:\/\/dgospel.com.br\/portal\/index.php\/wp-json\/wp\/v2\/posts\/22662\/revisions"}],"predecessor-version":[{"id":22664,"href":"https:\/\/dgospel.com.br\/portal\/index.php\/wp-json\/wp\/v2\/posts\/22662\/revisions\/22664"}],"wp:featuredmedia":[{"embeddable":true,"href":"https:\/\/dgospel.com.br\/portal\/index.php\/wp-json\/wp\/v2\/media\/22663"}],"wp:attachment":[{"href":"https:\/\/dgospel.com.br\/portal\/index.php\/wp-json\/wp\/v2\/media?parent=22662"}],"wp:term":[{"taxonomy":"category","embeddable":true,"href":"https:\/\/dgospel.com.br\/portal\/index.php\/wp-json\/wp\/v2\/categories?post=22662"},{"taxonomy":"post_tag","embeddable":true,"href":"https:\/\/dgospel.com.br\/portal\/index.php\/wp-json\/wp\/v2\/tags?post=22662"}],"curies":[{"name":"wp","href":"https:\/\/api.w.org\/{rel}","templated":true}]}}