{"id":22665,"date":"2025-12-20T10:59:17","date_gmt":"2025-12-20T13:59:17","guid":{"rendered":"https:\/\/dgospel.com.br\/portal\/?p=22665"},"modified":"2025-12-20T10:59:18","modified_gmt":"2025-12-20T13:59:18","slug":"eduardo-siqueira-campos-esta-entre-os-10-prefeitos-de-capitais-mais-bem-avaliados-do-brasil-aponta-atlasintel","status":"publish","type":"post","link":"https:\/\/dgospel.com.br\/portal\/index.php\/2025\/12\/20\/eduardo-siqueira-campos-esta-entre-os-10-prefeitos-de-capitais-mais-bem-avaliados-do-brasil-aponta-atlasintel\/","title":{"rendered":"Eduardo Siqueira Campos est\u00e1 entre os 10 prefeitos de capitais mais bem avaliados do Brasil, aponta AtlasIntel"},"content":{"rendered":"\n<p>O prefeito de Palmas, Eduardo Siqueira Campos, figura entre os 10 prefeitos de capitais com melhor avalia\u00e7\u00e3o do Brasil, de acordo com o Ranking dos Prefeitos das Capitais 2025, divulgado pela AtlasIntel. O levantamento nacional avaliou a aprova\u00e7\u00e3o popular e a percep\u00e7\u00e3o sobre o desempenho das gest\u00f5es municipais nas 26 capitais brasileiras.<\/p>\n\n\n\n<p>Eduardo Siqueira aparece na 9\u00aa coloca\u00e7\u00e3o no ranking de aprova\u00e7\u00e3o, com 59% de aprova\u00e7\u00e3o popular, o que posiciona Palmas entre as capitais com melhor avalia\u00e7\u00e3o no levantamento nacional e \u00e0 frente de capitais de maior porte populacional. O resultado expressa a avalia\u00e7\u00e3o positiva da popula\u00e7\u00e3o palmense sobre a condu\u00e7\u00e3o da administra\u00e7\u00e3o municipal.<\/p>\n\n\n\n<p>&#8220;Estar entre os prefeitos mais bem avaliados do pa\u00eds \u00e9 fruto de um trabalho que chega na ponta: na sa\u00fade com rem\u00e9dio no balc\u00e3o, na escola com merenda de padr\u00e3o elevado e na infraestrutura que integra a cidade o Acesso Norte e a Ponte dos Cruz, transformando a realidade de regi\u00f5es importantes como a Baixada do Aureny\u201d, comemorou o prefeito Eduardo Siqueira.<\/p>\n\n\n\n<p><strong>Avalia\u00e7\u00e3o municipal refor\u00e7a desempenho da gest\u00e3o<\/strong><br>Al\u00e9m da aprova\u00e7\u00e3o popular, Eduardo Siqueira Campos tamb\u00e9m se destaca na avalia\u00e7\u00e3o municipal, ocupando a 8\u00aa coloca\u00e7\u00e3o entre os prefeitos de capitais. Segundo o levantamento da AtlasIntel, 40% dos entrevistados classificam a gest\u00e3o como \u00f3tima ou boa.<\/p>\n\n\n\n<p><strong>Metodologia e abrang\u00eancia do levantamento<\/strong><br>O ranking \u00e9 resultado de um levantamento nacional que ouviu 82.781 pessoas, com amostras representativas da popula\u00e7\u00e3o adulta das capitais, margem de erro vari\u00e1vel conforme o tamanho do estado e n\u00edvel de confian\u00e7a de 95%. A pesquisa utiliza metodologia de recrutamento digital aleat\u00f3rio (Atlas RDR) e tem como objetivo oferecer uma avalia\u00e7\u00e3o compar\u00e1vel e baseada em evid\u00eancias sobre o desempenho das gest\u00f5es municipais.<\/p>\n","protected":false},"excerpt":{"rendered":"<p>O prefeito de Palmas, Eduardo Siqueira Campos, figura entre os 10 prefeitos de capitais com melhor avalia\u00e7\u00e3o do Brasil, de acordo com o Ranking dos Prefeitos das Capitais 2025, divulgado pela AtlasIntel. O levantamento nacional avaliou a aprova\u00e7\u00e3o popular e a percep\u00e7\u00e3o sobre o desempenho das gest\u00f5es municipais nas 26 capitais brasileiras. Eduardo Siqueira aparece [&hellip;]<\/p>\n","protected":false},"author":2,"featured_media":22666,"comment_status":"open","ping_status":"open","sticky":false,"template":"","format":"standard","meta":[],"categories":[3],"tags":[13],"_links":{"self":[{"href":"https:\/\/dgospel.com.br\/portal\/index.php\/wp-json\/wp\/v2\/posts\/22665"}],"collection":[{"href":"https:\/\/dgospel.com.br\/portal\/index.php\/wp-json\/wp\/v2\/posts"}],"about":[{"href":"https:\/\/dgospel.com.br\/portal\/index.php\/wp-json\/wp\/v2\/types\/post"}],"author":[{"embeddable":true,"href":"https:\/\/dgospel.com.br\/portal\/index.php\/wp-json\/wp\/v2\/users\/2"}],"replies":[{"embeddable":true,"href":"https:\/\/dgospel.com.br\/portal\/index.php\/wp-json\/wp\/v2\/comments?post=22665"}],"version-history":[{"count":1,"href":"https:\/\/dgospel.com.br\/portal\/index.php\/wp-json\/wp\/v2\/posts\/22665\/revisions"}],"predecessor-version":[{"id":22667,"href":"https:\/\/dgospel.com.br\/portal\/index.php\/wp-json\/wp\/v2\/posts\/22665\/revisions\/22667"}],"wp:featuredmedia":[{"embeddable":true,"href":"https:\/\/dgospel.com.br\/portal\/index.php\/wp-json\/wp\/v2\/media\/22666"}],"wp:attachment":[{"href":"https:\/\/dgospel.com.br\/portal\/index.php\/wp-json\/wp\/v2\/media?parent=22665"}],"wp:term":[{"taxonomy":"category","embeddable":true,"href":"https:\/\/dgospel.com.br\/portal\/index.php\/wp-json\/wp\/v2\/categories?post=22665"},{"taxonomy":"post_tag","embeddable":true,"href":"https:\/\/dgospel.com.br\/portal\/index.php\/wp-json\/wp\/v2\/tags?post=22665"}],"curies":[{"name":"wp","href":"https:\/\/api.w.org\/{rel}","templated":true}]}}