{"id":22671,"date":"2025-12-23T16:39:14","date_gmt":"2025-12-23T19:39:14","guid":{"rendered":"https:\/\/dgospel.com.br\/portal\/?p=22671"},"modified":"2025-12-23T16:39:15","modified_gmt":"2025-12-23T19:39:15","slug":"vereador-vilarindo-declara-apoio-ao-deputado-gipao-e-fortalece-projeto-politico-em-araguaina","status":"publish","type":"post","link":"https:\/\/dgospel.com.br\/portal\/index.php\/2025\/12\/23\/vereador-vilarindo-declara-apoio-ao-deputado-gipao-e-fortalece-projeto-politico-em-araguaina\/","title":{"rendered":"Vereador Vilarindo declara apoio ao deputado Gip\u00e3o e fortalece projeto pol\u00edtico em Aragua\u00edna"},"content":{"rendered":"\n<p>O deputado Gip\u00e3o segue ampliando sua base pol\u00edtica em Aragua\u00edna, consolidando um projeto que cresce de forma consistente rumo \u00e0s elei\u00e7\u00f5es de 2026. O mais novo apoio confirmado \u00e9 o do vereador Vilarindo do Eucalipto, que declarou publicamente alinhamento pol\u00edtico com o deputado, fortalecendo ainda mais sua articula\u00e7\u00e3o no munic\u00edpio.<\/p>\n\n\n\n<p>Declara\u00e7\u00e3o de apoio<\/p>\n\n\n\n<p>Ao confirmar o apoio, o vereador destacou a rela\u00e7\u00e3o de confian\u00e7a constru\u00edda ao longo dos anos e a atua\u00e7\u00e3o do deputado:<br>\u201cConhe\u00e7o Gip\u00e3o desde 2000, desde sua primeira elei\u00e7\u00e3o. Conhe\u00e7o o trabalho do Gip\u00e3o em Aragua\u00edna e, como vereador, ele fez um trabalho excelente para nossa cidade. Agora, como deputado, ele est\u00e1 fazendo um trabalho ainda melhor para o nosso estado. Gosto de pessoas honestas e corretas, e o Gip\u00e3o tem tudo isso que um bom pol\u00edtico precisa: honestidade e lisura com aquilo que se compromete. Ele \u00e9 um homem de palavra, e quando d\u00e1 a palavra, cumpre. Por isso, nas elei\u00e7\u00f5es de 2026, eu e todo o meu grupo pol\u00edtico estaremos apoiando o deputado Gip\u00e3o\u201d, argumentou.<\/p>\n\n\n\n<p>O deputado segue se fortalecendo dia ap\u00f3s dia, ampliando alian\u00e7as e consolidando um grupo pol\u00edtico com credibilidade e capilaridade na Capital Econ\u00f4mica do Estado.<\/p>\n\n\n\n<p>Trajet\u00f3ria pol\u00edtica<\/p>\n\n\n\n<p>Vilarindo do Eucalipto construiu sua trajet\u00f3ria a partir da luta comunit\u00e1ria e da participa\u00e7\u00e3o ativa na mobiliza\u00e7\u00e3o pela cria\u00e7\u00e3o do Estado do Tocantins. Formado em Gest\u00e3o P\u00fablica, foi eleito vereador de Aragua\u00edna para o mandato 2025\u20132028, com expressiva vota\u00e7\u00e3o.<\/p>\n\n\n\n<p>Tamb\u00e9m \u00e9 idealizador do Instituto A\u00e7\u00e3o e Inclus\u00e3o, que desenvolve a\u00e7\u00f5es sociais, cursos profissionalizantes e atendimento psicol\u00f3gico, beneficiando moradores de diversos bairros da cidade.<\/p>\n","protected":false},"excerpt":{"rendered":"<p>O deputado Gip\u00e3o segue ampliando sua base pol\u00edtica em Aragua\u00edna, consolidando um projeto que cresce de forma consistente rumo \u00e0s elei\u00e7\u00f5es de 2026. O mais novo apoio confirmado \u00e9 o do vereador Vilarindo do Eucalipto, que declarou publicamente alinhamento pol\u00edtico com o deputado, fortalecendo ainda mais sua articula\u00e7\u00e3o no munic\u00edpio. Declara\u00e7\u00e3o de apoio Ao confirmar [&hellip;]<\/p>\n","protected":false},"author":2,"featured_media":22672,"comment_status":"open","ping_status":"open","sticky":false,"template":"","format":"standard","meta":[],"categories":[4],"tags":[13],"_links":{"self":[{"href":"https:\/\/dgospel.com.br\/portal\/index.php\/wp-json\/wp\/v2\/posts\/22671"}],"collection":[{"href":"https:\/\/dgospel.com.br\/portal\/index.php\/wp-json\/wp\/v2\/posts"}],"about":[{"href":"https:\/\/dgospel.com.br\/portal\/index.php\/wp-json\/wp\/v2\/types\/post"}],"author":[{"embeddable":true,"href":"https:\/\/dgospel.com.br\/portal\/index.php\/wp-json\/wp\/v2\/users\/2"}],"replies":[{"embeddable":true,"href":"https:\/\/dgospel.com.br\/portal\/index.php\/wp-json\/wp\/v2\/comments?post=22671"}],"version-history":[{"count":1,"href":"https:\/\/dgospel.com.br\/portal\/index.php\/wp-json\/wp\/v2\/posts\/22671\/revisions"}],"predecessor-version":[{"id":22673,"href":"https:\/\/dgospel.com.br\/portal\/index.php\/wp-json\/wp\/v2\/posts\/22671\/revisions\/22673"}],"wp:featuredmedia":[{"embeddable":true,"href":"https:\/\/dgospel.com.br\/portal\/index.php\/wp-json\/wp\/v2\/media\/22672"}],"wp:attachment":[{"href":"https:\/\/dgospel.com.br\/portal\/index.php\/wp-json\/wp\/v2\/media?parent=22671"}],"wp:term":[{"taxonomy":"category","embeddable":true,"href":"https:\/\/dgospel.com.br\/portal\/index.php\/wp-json\/wp\/v2\/categories?post=22671"},{"taxonomy":"post_tag","embeddable":true,"href":"https:\/\/dgospel.com.br\/portal\/index.php\/wp-json\/wp\/v2\/tags?post=22671"}],"curies":[{"name":"wp","href":"https:\/\/api.w.org\/{rel}","templated":true}]}}