{"id":22674,"date":"2025-12-23T18:40:29","date_gmt":"2025-12-23T21:40:29","guid":{"rendered":"https:\/\/dgospel.com.br\/portal\/?p=22674"},"modified":"2025-12-23T18:40:30","modified_gmt":"2025-12-23T21:40:30","slug":"governo-lula-reduz-orcamento-das-universidades-federais-em-quase-r-400-milhoes-para-2026","status":"publish","type":"post","link":"https:\/\/dgospel.com.br\/portal\/index.php\/2025\/12\/23\/governo-lula-reduz-orcamento-das-universidades-federais-em-quase-r-400-milhoes-para-2026\/","title":{"rendered":"Governo Lula reduz or\u00e7amento das universidades federais em quase R$ 400 milh\u00f5es para 2026"},"content":{"rendered":"\n<p>As universidades federais ter\u00e3o quase R$ 400 milh\u00f5es a menos em 2026 para o or\u00e7amento discricion\u00e1rio \u2014 aquele destinado a despesas b\u00e1sicas como \u00e1gua, energia el\u00e9trica, manuten\u00e7\u00e3o, seguran\u00e7a, limpeza e bolsas estudantis \u2014 em compara\u00e7\u00e3o nominal com 2025, sem considerar a infla\u00e7\u00e3o. O alerta foi feito pela\u00a0<strong>Associa\u00e7\u00e3o Nacional dos Dirigentes das Institui\u00e7\u00f5es Federais de Ensino Superior<\/strong>, que representa os reitores das universidades federais.<\/p>\n\n\n\n<p>Em 2025, o or\u00e7amento executado das institui\u00e7\u00f5es foi de R$ 6,82 bilh\u00f5es. Para 2026, o&nbsp;<strong>Projeto de Lei Or\u00e7ament\u00e1ria Anual (PLOA)<\/strong>&nbsp;enviado pelo governo previa R$ 6,89 bilh\u00f5es. No entanto, durante a tramita\u00e7\u00e3o no Congresso Nacional, houve um corte de R$ 488 milh\u00f5es, reduzindo o total dispon\u00edvel para R$ 6,43 bilh\u00f5es \u2014 valor inferior, em termos nominais, ao do ano anterior.<\/p>\n\n\n\n<p>Em nota, a Andifes afirmou que os cortes \u201cagravam um quadro j\u00e1 cr\u00edtico\u201d e advertiu que, caso n\u00e3o haja recomposi\u00e7\u00e3o, o or\u00e7amento das universidades federais em 2026 ficar\u00e1 abaixo do executado em 2025, mesmo antes de considerados os impactos inflacion\u00e1rios e os reajustes obrigat\u00f3rios de contratos, especialmente os relacionados \u00e0 m\u00e3o de obra terceirizada.<\/p>\n\n\n\n<p>A entidade destacou ainda que o cen\u00e1rio se torna mais preocupante diante de restri\u00e7\u00f5es semelhantes nos or\u00e7amentos da&nbsp;<strong>Coordena\u00e7\u00e3o de Aperfei\u00e7oamento de Pessoal de N\u00edvel Superior<\/strong>&nbsp;e do&nbsp;<strong>Conselho Nacional de Desenvolvimento Cient\u00edfico e Tecnol\u00f3gico<\/strong>, principais ag\u00eancias de fomento \u00e0 pesquisa no pa\u00eds. Segundo a Andifes, a combina\u00e7\u00e3o dos cortes compromete atividades de ensino, pesquisa e extens\u00e3o, al\u00e9m de amea\u00e7ar a sustentabilidade administrativa das institui\u00e7\u00f5es.<\/p>\n\n\n\n<p>A assist\u00eancia estudantil \u00e9 apontada como uma das \u00e1reas mais afetadas. De acordo com a associa\u00e7\u00e3o, apenas nessa rubrica o corte aprovado pelo Congresso em rela\u00e7\u00e3o \u00e0 proposta original do governo alcan\u00e7a cerca de R$ 100 milh\u00f5es \u2014 uma redu\u00e7\u00e3o de 7,3%. O impacto atinge diretamente a implementa\u00e7\u00e3o da nova Pol\u00edtica Nacional de Assist\u00eancia Estudantil (Pnaes), colocando em risco a\u00e7\u00f5es voltadas \u00e0 perman\u00eancia de estudantes em situa\u00e7\u00e3o de vulnerabilidade socioecon\u00f4mica.<\/p>\n\n\n\n<p>Entre os programas afetados est\u00e3o o Programa de Assist\u00eancia Estudantil (PAE), que oferece apoio para moradia, alimenta\u00e7\u00e3o, transporte, sa\u00fade, inclus\u00e3o digital e apoio pedag\u00f3gico, e o Programa de Bolsa Perman\u00eancia (PBP), voltado especialmente a estudantes ind\u00edgenas, quilombolas e de baixa renda.<\/p>\n\n\n\n<p>A Andifes afirmou que os cortes foram distribu\u00eddos de forma desigual entre as universidades e atingiram todas as a\u00e7\u00f5es or\u00e7ament\u00e1rias essenciais ao funcionamento da rede federal de ensino superior. \u201cA situa\u00e7\u00e3o \u00e9 ainda mais grave no que se refere \u00e0 assist\u00eancia estudantil, \u00e1rea estrat\u00e9gica para a perman\u00eancia dos estudantes mais vulner\u00e1veis\u201d, destacou a entidade.<\/p>\n\n\n\n<p>O hist\u00f3rico recente agrava o cen\u00e1rio. Em 2025, as universidades j\u00e1 consideravam insuficiente o or\u00e7amento dispon\u00edvel e reivindicavam R$ 7,81 bilh\u00f5es \u2014 valor equivalente, em termos atualizados, ao patamar de 2019. Entre 2020 e 2022, os recursos foram ainda menores, segundo os reitores.<\/p>\n\n\n\n<p>Em maio deste ano, diversas universidades federais anunciaram cortes emergenciais ap\u00f3s um decreto do governo&nbsp;<strong>Luiz In\u00e1cio Lula da Silva<\/strong>&nbsp;limitar a execu\u00e7\u00e3o mensal do or\u00e7amento. Institui\u00e7\u00f5es como a UFRJ, a Ufal e a UFCG chegaram a informar que precisariam escolher quais contas pagar. O contingenciamento foi revertido no mesmo m\u00eas, com an\u00fancio de recomposi\u00e7\u00e3o parcial.<\/p>\n\n\n\n<p>\u00c0 \u00e9poca, o&nbsp;<strong>Minist\u00e9rio da Educa\u00e7\u00e3o<\/strong>&nbsp;afirmou que as universidades ainda sofrem os efeitos da redu\u00e7\u00e3o or\u00e7ament\u00e1ria registrada entre 2016 e 2022 e que o governo vem, desde 2023, fazendo esfor\u00e7os para recuperar os recursos destinados ao ensino superior federal. Mesmo assim, a Andifes avalia que o corte aprovado para 2026 representa um novo retrocesso, com potencial impacto direto sobre a perman\u00eancia estudantil, a produ\u00e7\u00e3o cient\u00edfica e a soberania nacional.<\/p>\n","protected":false},"excerpt":{"rendered":"<p>As universidades federais ter\u00e3o quase R$ 400 milh\u00f5es a menos em 2026 para o or\u00e7amento discricion\u00e1rio \u2014 aquele destinado a despesas b\u00e1sicas como \u00e1gua, energia el\u00e9trica, manuten\u00e7\u00e3o, seguran\u00e7a, limpeza e bolsas estudantis \u2014 em compara\u00e7\u00e3o nominal com 2025, sem considerar a infla\u00e7\u00e3o. O alerta foi feito pela\u00a0Associa\u00e7\u00e3o Nacional dos Dirigentes das Institui\u00e7\u00f5es Federais de Ensino [&hellip;]<\/p>\n","protected":false},"author":2,"featured_media":22675,"comment_status":"open","ping_status":"open","sticky":false,"template":"","format":"standard","meta":[],"categories":[10],"tags":[13],"_links":{"self":[{"href":"https:\/\/dgospel.com.br\/portal\/index.php\/wp-json\/wp\/v2\/posts\/22674"}],"collection":[{"href":"https:\/\/dgospel.com.br\/portal\/index.php\/wp-json\/wp\/v2\/posts"}],"about":[{"href":"https:\/\/dgospel.com.br\/portal\/index.php\/wp-json\/wp\/v2\/types\/post"}],"author":[{"embeddable":true,"href":"https:\/\/dgospel.com.br\/portal\/index.php\/wp-json\/wp\/v2\/users\/2"}],"replies":[{"embeddable":true,"href":"https:\/\/dgospel.com.br\/portal\/index.php\/wp-json\/wp\/v2\/comments?post=22674"}],"version-history":[{"count":1,"href":"https:\/\/dgospel.com.br\/portal\/index.php\/wp-json\/wp\/v2\/posts\/22674\/revisions"}],"predecessor-version":[{"id":22676,"href":"https:\/\/dgospel.com.br\/portal\/index.php\/wp-json\/wp\/v2\/posts\/22674\/revisions\/22676"}],"wp:featuredmedia":[{"embeddable":true,"href":"https:\/\/dgospel.com.br\/portal\/index.php\/wp-json\/wp\/v2\/media\/22675"}],"wp:attachment":[{"href":"https:\/\/dgospel.com.br\/portal\/index.php\/wp-json\/wp\/v2\/media?parent=22674"}],"wp:term":[{"taxonomy":"category","embeddable":true,"href":"https:\/\/dgospel.com.br\/portal\/index.php\/wp-json\/wp\/v2\/categories?post=22674"},{"taxonomy":"post_tag","embeddable":true,"href":"https:\/\/dgospel.com.br\/portal\/index.php\/wp-json\/wp\/v2\/tags?post=22674"}],"curies":[{"name":"wp","href":"https:\/\/api.w.org\/{rel}","templated":true}]}}